{"id":81493,"date":"2006-01-29T15:22:14","date_gmt":"2006-01-29T14:22:14","guid":{"rendered":"https:\/\/mediarun.com\/index.php\/news-posts\/tajna-ugoda-lisa-i-waltera\/"},"modified":"2006-01-29T15:22:14","modified_gmt":"2006-01-29T14:22:14","slug":"tajna-ugoda-lisa-i-waltera","status":"publish","type":"post","link":"https:\/\/mediarun.com\/pl\/media\/tv\/tajna-ugoda-lisa-i-waltera.html","title":{"rendered":"Tajna ugoda Lisa i Waltera"},"content":{"rendered":"<p>&#8211; Tomasz Lis od dw\u00f3ch lat, czyli od momentu zwolnienia z pracy, domaga\u0142 si\u0119 odszkodowania w wysoko\u015bci trzymiesi\u0119cznego wynagrodzenia. Ile stacja zgodzi\u0142a si\u0119 zap\u0142aci\u0107? &#8211; informuje &#8222;Gazeta Wyborcza&#8221;<\/p>\n<p>&#8211; Nie mog\u0119 powiedzie\u0107, ile i czy w og\u00f3le zap\u0142acimy. Uzgodnili\u015bmy, \u017ce sprawy nie b\u0119dziemy komentowa\u0107 &#8211; o\u015bwiadczy\u0142a po wyj\u015bciu z sali rozpraw mec. Ma\u0142gorzata Gersdorf, prawnik reprezentuj\u0105ca TVN. <\/p>\n<p>Tomasz S\u00f3jka, prawnik Tomasza Lisa: &#8211; Dosz\u0142o do ugody, bo m\u00f3j klient chcia\u0142 zako\u0144czy\u0107 sp\u00f3r. Nic wi\u0119cej nie mog\u0119 powiedzie\u0107. Sprawa jest definitywnie zako\u0144czona &#8211; uci\u0105\u0142.<\/p>\n<p>&#8211; Z informacji, do kt\u00f3rych uda\u0142o nam si\u0119 dotrze\u0107, wynika jednak, \u017ce sp\u00f3r ma definitywnie zako\u0144czy\u0107 si\u0119 na boisku pi\u0142karskim! Obie strony uzgodni\u0142y, \u017ce rozegraj\u0105 w tym roku widowiskowy mecz futbolowy. A doch\u00f3d trafi\u0107 ma nie do kieszeni dziennikarza, ale na cele charytatywne. &#8211; pisze &#8222;Gazeta Wyborcza&#8221;<\/p>\n<p>Sp\u00f3r wybuch\u0142 26 stycznia 2004 roku, kiedy prezes TVN Piotr Walter wr\u0119czy\u0142 Lisowi wypowiedzenie. Przyczyn\u0105 by\u0142a &#8222;fala informacji o jego mo\u017cliwym zaanga\u017cowaniu w \u017cycie polityczne&#8221; oraz &#8222;ewentualne zagro\u017cenie bezstronno\u015bci i wiarygodno\u015bci informacji przekazywanych na antenie TVN&#8221; &#8211; jak napisa\u0142 w wypowiedzeniu Walter. &#8211; Chodzi\u0142o o sonda\u017c opublikowany tego dnia w &#8222;Newsweeku&#8221;, z kt\u00f3rego wynika\u0142o, \u017ce Lis by\u0142by powa\u017cnym kandydatem w wyborach prezydenckich.  Lis natychmiast zosta\u0142 odsuni\u0119ty od prowadzenia &#8222;Fakt\u00f3w&#8221;, sztandarowego programu informacyjnego TVN. Cho\u0107 jeszcze przez p\u00f3\u0142 roku dostawa\u0142 pensj\u0119, b\u0119d\u0105c na urlopie, postanowi\u0142 pozwa\u0107 stacj\u0119 do s\u0105du pracy. Z pozwu wynika, \u017ce domaga\u0142 si\u0119 jeszcze odszkodowania w wysoko\u015bci trzykrotnej pensji. &#8211; przypomina dziennik<\/p>\n<p>&#8211; Jakie kwoty wchodzi\u0142y w gr\u0119? Z odpowiedzi na pozew, kt\u00f3r\u0105 w marcu 2004 roku przygotowa\u0142a w imieniu TVN kancelaria Modrzejewski, Wypychowska, Gersdorf, wynika, \u017ce Tomasz Lis zarabia\u0142 w TVN miesi\u0119cznie 17 tys. euro, czyli blisko 70 tys. z\u0142. Dodatkowo dosta\u0142 samoch\u00f3d &#8222;o standardzie r\u00f3wnym prezesa TVN&#8221;, telefon kom\u00f3rkowy, komputer oraz z\u0142ote karty Medicover oraz VISA, plus pul\u0119 akcji pracowniczych. Po zwolnieniu stacja wyp\u0142aci\u0142a mu wi\u0119c ponad 400 tys. z\u0142, ale pozosta\u0142ych 200 tys. odm\u00f3wi\u0142a. &#8211; czytamy w &#8222;Gazecie Wyborczej&#8221;<\/p>\n","protected":false},"excerpt":{"rendered":"W pi\u0105tek przed warszawskim s\u0105dem pracy dosz\u0142o do zawarcia ugody mi\u0119dzy dziennikarzem Tomaszem Lisem a jego by\u0142ym pracodawc\u0105 &#8211; Piotrem Walterem, prezesem TVN. Szczeg\u00f3\u0142y porozumienia s\u0105 tajne. Wiadomo natomiast, \u017ce obydwie strony zmierz\u0105 si\u0119 w meczu charytatywnym na boisku.","protected":false},"author":1,"featured_media":0,"comment_status":"open","ping_status":"closed","sticky":false,"template":"","format":"standard","meta":{"csco_display_header_overlay":false,"csco_singular_sidebar":"","csco_page_header_type":"","csco_page_load_nextpost":"","csco_post_video_location":[],"csco_post_video_location_hash":"","csco_post_video_url":"","csco_post_video_bg_start_time":0,"csco_post_video_bg_end_time":0,"footnotes":""},"categories":[9670],"tags":[],"class_list":{"0":"post-81493","1":"post","2":"type-post","3":"status-publish","4":"format-standard","6":"category-tv","7":"cs-entry","8":"cs-video-wrap"},"_links":{"self":[{"href":"https:\/\/mediarun.com\/pl\/wp-json\/wp\/v2\/posts\/81493","targetHints":{"allow":["GET"]}}],"collection":[{"href":"https:\/\/mediarun.com\/pl\/wp-json\/wp\/v2\/posts"}],"about":[{"href":"https:\/\/mediarun.com\/pl\/wp-json\/wp\/v2\/types\/post"}],"author":[{"embeddable":true,"href":"https:\/\/mediarun.com\/pl\/wp-json\/wp\/v2\/users\/1"}],"replies":[{"embeddable":true,"href":"https:\/\/mediarun.com\/pl\/wp-json\/wp\/v2\/comments?post=81493"}],"version-history":[{"count":0,"href":"https:\/\/mediarun.com\/pl\/wp-json\/wp\/v2\/posts\/81493\/revisions"}],"wp:attachment":[{"href":"https:\/\/mediarun.com\/pl\/wp-json\/wp\/v2\/media?parent=81493"}],"wp:term":[{"taxonomy":"category","embeddable":true,"href":"https:\/\/mediarun.com\/pl\/wp-json\/wp\/v2\/categories?post=81493"},{"taxonomy":"post_tag","embeddable":true,"href":"https:\/\/mediarun.com\/pl\/wp-json\/wp\/v2\/tags?post=81493"}],"curies":[{"name":"wp","href":"https:\/\/api.w.org\/{rel}","templated":true}]}}