{"id":81449,"date":"2006-01-30T16:30:55","date_gmt":"2006-01-30T15:30:55","guid":{"rendered":"https:\/\/mediarun.com\/index.php\/news-posts\/switala-najwazniejsze-byly-fakty-z-katowic\/"},"modified":"2006-01-30T16:30:55","modified_gmt":"2006-01-30T15:30:55","slug":"switala-najwazniejsze-byly-fakty-z-katowic","status":"publish","type":"post","link":"https:\/\/mediarun.com\/pl\/media\/radio\/switala-najwazniejsze-byly-fakty-z-katowic.html","title":{"rendered":"\u015awita\u0142a: najwa\u017cniejsze by\u0142y fakty z Katowic"},"content":{"rendered":"<p>Daniel Adamski, gdy przekazywa\u0142 s\u0142uchaczom Radia Zet o godzinie 18 pierwsze informacje o zawaleniu si\u0119 hali targowej, w\u0142a\u015bnie ko\u0144czy\u0142 dy\u017cur. Kilka minut po powrocie do domu odebra\u0142 telefon od Kamili Ceran, szefowej informacji Radia Zet. Zapytany czy mo\u017ce wr\u00f3ci\u0107 do radia odpowiedzia\u0142: &#8211; Jasne. &#8211; W takich sytuacjach nie ma innej odpowiedzi &#8211; t\u0142umaczy nam.<\/p>\n<p>&#8211; Na miejscu sta\u0142a si\u0119 tragedia, panowa\u0142 chaos informacyjny, dziennikarze nie byli dopuszczani bezpo\u015brednio do hali &#8211; wyja\u015bnia nam Adamski. &#8211; W zdobywaniu informacji panowa\u0142a absolutna partyzantka, czemu zreszt\u0105 trudno si\u0119 dziwi\u0107. Trwa\u0142a akcja ratunkowa i to by\u0142o najwa\u017cniejsze &#8211; dodaje.<\/p>\n<p>O pierwszych informacjach z Katowic poinformowa\u0142a o 18 na antenie RMF FM Ma\u0142gorzata \u015awita\u0142a. Dziennikarka przyznaje, \u017ce od tego momentu nie pami\u0119ta nic opr\u00f3cz zmieniaj\u0105cych si\u0119 liczb, najnowszych doniesie\u0144, g\u0142os\u00f3w ludzi, kt\u00f3rzy wo\u0142ali spod gruz\u00f3w o pomoc. <\/p>\n<p>&#8211; Najwa\u017cniejsze by\u0142y fakty z Katowic, ja by\u0142am tylko pos\u0142a\u0144cem niestety z\u0142ych wiadomo\u015bci. Przera\u017caj\u0105ce doniesienia o ludzkiej tragedii. To zapami\u0119tam &#8211; m\u00f3wi nam \u015awita\u0142a. &#8211; W takich chwilach, kiedy przez wiele godzin siedzisz w studiu i opowiadasz o tym, co si\u0119 dzieje &#8211; nikt chyba nie my\u015bli o sobie. Ja w ka\u017cdym razie nie my\u015bla\u0142am &#8211; wyja\u015bnia nam.<\/p>\n<p>Anna Kalczy\u0144ska, prezenterka TVN24, kiedy dowiedzia\u0142a si\u0119 o tragedii wiedzia\u0142a ju\u017c, \u017ce stacja b\u0119dzie \u015bledzi\u0107 akcj\u0119 ratownicz\u0105 przez ca\u0142\u0105 noc. Jej dy\u017cur rozpocz\u0105\u0142 si\u0119 o godzinie 23.30 i sko\u0144czy\u0142 o 7. &#8211; Program uk\u0142adali\u015bmy na bie\u017c\u0105co, z pocz\u0105tku nie wstawa\u0142am od sto\u0142u prezenterskiego przez 4 godziny &#8211; t\u0142umaczy nam.<\/p>\n<p>&#8211; Czas p\u0142yn\u0105\u0142 bardzo szybko, ale zdawa\u0142am sobie spraw\u0119, \u017ce tam, na miejscu ludziom, kt\u00f3rzy czekaj\u0105 na pomoc czas oczekiwania na ratunek wydaje si\u0119 wieczno\u015bci\u0105 &#8211; m\u00f3wi nam Kalczy\u0144ska. &#8211; Wzruszaj\u0105ce by\u0142o patrzenie na zdj\u0119cia z miejsca akcji &#8211; tyle po\u015bwi\u0119cenia, solidarno\u015bci, pracy bez wytchnienia. Dawno ludzie nie byli sobie tak bliscy &#8211; dodaje dziennikarka TVN24.<\/p>\n<p>Przeczytaj r\u00f3wnie\u017c: <a href=\"http:\/\/www.medialink.pl\/media\/?telewizja\/&#038;kat=5&#038;id=30605\" target=\"_blank\" rel=\"noopener\">Media w obliczu tragedii<\/a><\/p>\n","protected":false},"excerpt":{"rendered":"Od nich dowiedzieli\u015bmy si\u0119 o tragedii na \u015al\u0105sku. Informowali nas na bie\u017c\u0105co przekazuj\u0105c naj\u015bwie\u017csze informacje i zbieraj\u0105c komentarze. Dla nas pracowali bez wytchnienia. Postanowili\u015bmy porozmawia\u0107 z dziennikarzami, bo o nich w\u0142a\u015bnie mowa, o pracy w te wyj\u0105tkowe i smutne dni.","protected":false},"author":1,"featured_media":0,"comment_status":"open","ping_status":"closed","sticky":false,"template":"","format":"standard","meta":{"csco_display_header_overlay":false,"csco_singular_sidebar":"","csco_page_header_type":"","csco_page_load_nextpost":"","csco_post_video_location":[],"csco_post_video_location_hash":"","csco_post_video_url":"","csco_post_video_bg_start_time":0,"csco_post_video_bg_end_time":0,"footnotes":""},"categories":[9672],"tags":[],"class_list":{"0":"post-81449","1":"post","2":"type-post","3":"status-publish","4":"format-standard","6":"category-radio","7":"cs-entry","8":"cs-video-wrap"},"_links":{"self":[{"href":"https:\/\/mediarun.com\/pl\/wp-json\/wp\/v2\/posts\/81449","targetHints":{"allow":["GET"]}}],"collection":[{"href":"https:\/\/mediarun.com\/pl\/wp-json\/wp\/v2\/posts"}],"about":[{"href":"https:\/\/mediarun.com\/pl\/wp-json\/wp\/v2\/types\/post"}],"author":[{"embeddable":true,"href":"https:\/\/mediarun.com\/pl\/wp-json\/wp\/v2\/users\/1"}],"replies":[{"embeddable":true,"href":"https:\/\/mediarun.com\/pl\/wp-json\/wp\/v2\/comments?post=81449"}],"version-history":[{"count":0,"href":"https:\/\/mediarun.com\/pl\/wp-json\/wp\/v2\/posts\/81449\/revisions"}],"wp:attachment":[{"href":"https:\/\/mediarun.com\/pl\/wp-json\/wp\/v2\/media?parent=81449"}],"wp:term":[{"taxonomy":"category","embeddable":true,"href":"https:\/\/mediarun.com\/pl\/wp-json\/wp\/v2\/categories?post=81449"},{"taxonomy":"post_tag","embeddable":true,"href":"https:\/\/mediarun.com\/pl\/wp-json\/wp\/v2\/tags?post=81449"}],"curies":[{"name":"wp","href":"https:\/\/api.w.org\/{rel}","templated":true}]}}