{"id":81447,"date":"2006-01-30T20:05:52","date_gmt":"2006-01-30T19:05:52","guid":{"rendered":"https:\/\/mediarun.com\/index.php\/news-posts\/witold-kolodziejski-w-krrit\/"},"modified":"2006-01-30T20:05:52","modified_gmt":"2006-01-30T19:05:52","slug":"witold-kolodziejski-w-krrit","status":"publish","type":"post","link":"https:\/\/mediarun.com\/pl\/media\/tv\/witold-kolodziejski-w-krrit.html","title":{"rendered":"Witold Ko\u0142odziejski w KRRiT"},"content":{"rendered":"<p>&#8222;GW&#8221; donosi, \u017ce za kandydatur\u0105 Ko\u0142odziejskiego g\u0142osowa\u0142o 70 pos\u0142\u00f3w, przeciw by\u0142o 23, a dw\u00f3ch wstrzyma\u0142o si\u0119 od g\u0142osu. Oddano 95 wa\u017cnych g\u0142os\u00f3w, wi\u0119kszo\u015b\u0107 bezwzgl\u0119dna wynosi\u0142a 48. G\u0142osowanie by\u0142o tajne.<\/p>\n<p>&#8211; Ko\u0142odziejski zasi\u0105dzie w Radzie obok Tomasza Borysiuka (kandydat Samoobrony) i Tomasza Haydukiewicza (kandydat LPR). Sejm wybra\u0142 ich w nocy z czwartku na pi\u0105tek. W najbli\u017cszych dniach swoich dw\u00f3ch cz\u0142onk\u00f3w ma powo\u0142a\u0107 prezydent Lech Kaczy\u0144ski. To oznacza, \u017ce w pi\u0119cioosobowej KRRiT PiS b\u0119dzie mia\u0142 swoich trzech ludzi. Ale Rada decyzje podejmuje wi\u0119kszo\u015bci\u0105 2\/3, co oznacza, \u017ce za ka\u017cdym razem PiS b\u0119dzie musia\u0142 szuka\u0107 porozumienia albo z Borysiukiem, albo z Haydukiewiczem &#8211; czytamy w &#8222;Gazecie Wyborczej&#8221;.<\/p>\n<p>&#8211; Samoobrona zach\u0119cona wyborem swojego kandydat do KRRiT zapowiada, \u017ce chce mie\u0107 swojego cz\u0142owieka tak\u017ce we w\u0142adzach telewizji publicznej &#8211; w radzie nadzorczej i zarz\u0105dzie TVP. Jak si\u0119 nieoficjalnie dowiedzieli\u015bmy, kandydatk\u0105 Samoobrony do tych funkcji jest Anna Milewska, kt\u00f3ra dzi\u015b z rekomendacji Danuty Waniek zasiada w radzie nadzorczej TVP. Latem Milewska stara\u0142a si\u0119 o miejsce na listach wyborczych Samoobrony. Dosta\u0142a je, ale do Sejmu nie wesz\u0142a. Dzi\u015b jest ekspertem Samoobrony ds. medi\u00f3w &#8211; pisze dziennik.<\/p>\n<p>Witold Ko\u0142odziejski od 1993 pracuje w Telewizji Polskiej. By\u0142 autorem i wydawc\u0105 cotygodniowych program\u00f3w o tematyce spo\u0142ecznej i religijnej. Jest cz\u0142onkiem PiS, z ramienia kt\u00f3rego od 2002 r. jest radnym miasta sto\u0142ecznego Warszawy. 8 grudnia 2005 r. zosta\u0142 wybrany na przewodnicz\u0105cego rady miasta.<\/p>\n","protected":false},"excerpt":{"rendered":"Witold Ko\u0142odziejski, autor katolickich program\u00f3w telewizyjnych, zosta\u0142 wybrany przez Senat do Krajowej Rady Radiofonii i Telewizji. &#8222;Gazeta Wyborcza&#8221; pisze, \u017ce wyb\u00f3r Ko\u0142odziejskiego by\u0142 pewny, bo by\u0142 jedynym kandydatem, i to popieranym przez najliczniejszy senacki klub, czyli PiS.","protected":false},"author":1,"featured_media":81448,"comment_status":"open","ping_status":"closed","sticky":false,"template":"","format":"standard","meta":{"csco_display_header_overlay":false,"csco_singular_sidebar":"","csco_page_header_type":"","csco_page_load_nextpost":"","csco_post_video_location":[],"csco_post_video_location_hash":"","csco_post_video_url":"","csco_post_video_bg_start_time":0,"csco_post_video_bg_end_time":0,"footnotes":""},"categories":[9670],"tags":[],"class_list":{"0":"post-81447","1":"post","2":"type-post","3":"status-publish","4":"format-standard","5":"has-post-thumbnail","7":"category-tv","8":"cs-entry","9":"cs-video-wrap"},"_links":{"self":[{"href":"https:\/\/mediarun.com\/pl\/wp-json\/wp\/v2\/posts\/81447","targetHints":{"allow":["GET"]}}],"collection":[{"href":"https:\/\/mediarun.com\/pl\/wp-json\/wp\/v2\/posts"}],"about":[{"href":"https:\/\/mediarun.com\/pl\/wp-json\/wp\/v2\/types\/post"}],"author":[{"embeddable":true,"href":"https:\/\/mediarun.com\/pl\/wp-json\/wp\/v2\/users\/1"}],"replies":[{"embeddable":true,"href":"https:\/\/mediarun.com\/pl\/wp-json\/wp\/v2\/comments?post=81447"}],"version-history":[{"count":0,"href":"https:\/\/mediarun.com\/pl\/wp-json\/wp\/v2\/posts\/81447\/revisions"}],"wp:featuredmedia":[{"embeddable":true,"href":"https:\/\/mediarun.com\/pl\/wp-json\/wp\/v2\/media\/81448"}],"wp:attachment":[{"href":"https:\/\/mediarun.com\/pl\/wp-json\/wp\/v2\/media?parent=81447"}],"wp:term":[{"taxonomy":"category","embeddable":true,"href":"https:\/\/mediarun.com\/pl\/wp-json\/wp\/v2\/categories?post=81447"},{"taxonomy":"post_tag","embeddable":true,"href":"https:\/\/mediarun.com\/pl\/wp-json\/wp\/v2\/tags?post=81447"}],"curies":[{"name":"wp","href":"https:\/\/api.w.org\/{rel}","templated":true}]}}