{"id":81445,"date":"2006-01-30T23:06:13","date_gmt":"2006-01-30T22:06:13","guid":{"rendered":"https:\/\/mediarun.com\/index.php\/news-posts\/studio-europa-ponownie-w-tvn24\/"},"modified":"2006-01-30T23:06:13","modified_gmt":"2006-01-30T22:06:13","slug":"studio-europa-ponownie-w-tvn24","status":"publish","type":"post","link":"https:\/\/mediarun.com\/pl\/media\/tv\/studio-europa-ponownie-w-tvn24.html","title":{"rendered":"&#8222;Studio Europa&#8221; ponownie w TVN24"},"content":{"rendered":"<p>W ka\u017cdym odcinku dziennikarze stacji &#8211; Maciej Knapik, Pawe\u0142 \u0141ukasik i Arkadiusz Wierzuk odwiedza\u0107 b\u0119d\u0105 pa\u0144stwa UE, \u017ceby przyjrze\u0107 si\u0119, jak dzia\u0142a prawo, kt\u00f3rego pomys\u0142odawcami byli parlamentarzy\u015bci Unii.<\/p>\n<p>15-minutowy program &#8222;Studio Europa&#8221; nadawany b\u0119dzie w ka\u017cd\u0105 sobot\u0119 o godzinie 10.40. Magazyn &#8211; obok Anny Kalczy\u0144skiej &#8211; redagowa\u0107 b\u0119dzie Robert Klonowski oraz Inga Rosi\u0144ska, brukselska korespondentka TVN24.<\/p>\n<p>Pierwsza edycja program emitowana by\u0142a przez TVN24 w latach 2002-2003 Program zdoby\u0142 m.in. nagrod\u0119 Eficom (European and Financial Communications) w uznaniu za propagowanie idei integracji europejskiej.<\/p>\n","protected":false},"excerpt":{"rendered":"Na anten\u0119 TVN24 powraca po kilku latach program &#8222;Studio Europa&#8221; po\u015bwi\u0119cony problemom, kt\u00f3rych rozwi\u0105zywaniem zajmuje si\u0119 Unia Europejska. Magazyn, kt\u00f3ry poprowadzi Anna Kalczy\u0144ska, powstawa\u0107 b\u0119dzie przy wsparciu Parlamentu Europejskiego.","protected":false},"author":1,"featured_media":81446,"comment_status":"open","ping_status":"closed","sticky":false,"template":"","format":"standard","meta":{"csco_display_header_overlay":false,"csco_singular_sidebar":"","csco_page_header_type":"","csco_page_load_nextpost":"","csco_post_video_location":[],"csco_post_video_location_hash":"","csco_post_video_url":"","csco_post_video_bg_start_time":0,"csco_post_video_bg_end_time":0,"footnotes":""},"categories":[9670],"tags":[],"class_list":{"0":"post-81445","1":"post","2":"type-post","3":"status-publish","4":"format-standard","5":"has-post-thumbnail","7":"category-tv","8":"cs-entry","9":"cs-video-wrap"},"_links":{"self":[{"href":"https:\/\/mediarun.com\/pl\/wp-json\/wp\/v2\/posts\/81445","targetHints":{"allow":["GET"]}}],"collection":[{"href":"https:\/\/mediarun.com\/pl\/wp-json\/wp\/v2\/posts"}],"about":[{"href":"https:\/\/mediarun.com\/pl\/wp-json\/wp\/v2\/types\/post"}],"author":[{"embeddable":true,"href":"https:\/\/mediarun.com\/pl\/wp-json\/wp\/v2\/users\/1"}],"replies":[{"embeddable":true,"href":"https:\/\/mediarun.com\/pl\/wp-json\/wp\/v2\/comments?post=81445"}],"version-history":[{"count":0,"href":"https:\/\/mediarun.com\/pl\/wp-json\/wp\/v2\/posts\/81445\/revisions"}],"wp:featuredmedia":[{"embeddable":true,"href":"https:\/\/mediarun.com\/pl\/wp-json\/wp\/v2\/media\/81446"}],"wp:attachment":[{"href":"https:\/\/mediarun.com\/pl\/wp-json\/wp\/v2\/media?parent=81445"}],"wp:term":[{"taxonomy":"category","embeddable":true,"href":"https:\/\/mediarun.com\/pl\/wp-json\/wp\/v2\/categories?post=81445"},{"taxonomy":"post_tag","embeddable":true,"href":"https:\/\/mediarun.com\/pl\/wp-json\/wp\/v2\/tags?post=81445"}],"curies":[{"name":"wp","href":"https:\/\/api.w.org\/{rel}","templated":true}]}}