{"id":81440,"date":"2006-01-31T01:25:39","date_gmt":"2006-01-31T00:25:39","guid":{"rendered":"https:\/\/mediarun.com\/index.php\/news-posts\/cezary-2006-w-canal\/"},"modified":"2006-01-31T01:25:39","modified_gmt":"2006-01-31T00:25:39","slug":"cezary-2006-w-canal","status":"publish","type":"post","link":"https:\/\/mediarun.com\/pl\/media\/tv\/cezary-2006-w-canal.html","title":{"rendered":"Cezary 2006 w Canal+"},"content":{"rendered":"<p>Po o relacji, o 21:30 stacja zaprezentuje &#8222;Unik&#8221; (&#8222;L&#8217;esquive&#8221;) Abdellatifa Kechiche&#8217;a, zesz\u0142orocznego zwyci\u0119zc\u0119 Nocy Cezar\u00f3w. Ten skromny, nakr\u0119cony kamer\u0105 cyfrow\u0105 film ze wzruszaj\u0105co \u015bwie\u017cymi kreacjami m\u0142odych aktor\u00f3w zdoby\u0142 w 2005 roku nagrody w czterech g\u0142\u00f3wnych kategoriach: dla najlepszego filmu, za najlepsz\u0105 re\u017cyseri\u0119, dla najlepszej aktorki oraz za najlepszy scenariusz. &#8222;Unik&#8221; pokona\u0142 takich konkurent\u00f3w, jak &#8222;Pan od muzyki&#8221; czy &#8222;Un long dimanche de fiancailles&#8221; Jean-Pierre&#8217;a Jeuneta.<\/p>\n<p>Cezary obok Oscar\u00f3w, Z\u0142otych Palm i Z\u0142otych Glob\u00f3w, to jedne z najbardziej presti\u017cowych nagr\u00f3d \u015bwiatowego przemys\u0142u filmowego. Nagrody L&#8217;Academie des Arts et Techniques du Cinema istniej\u0105 od trzydziestu lat i przyznawane s\u0105 francuskim filmom, kt\u00f3rych data premiery przypad\u0142a na rok poprzedzaj\u0105cy ceremoni\u0119. Inicjatorem Cezar\u00f3w by\u0142 dziennikarz i producent Georges Cravenne, a nazwa pochodzi od imienia rze\u017abiarza C\u00e9sara Baldacciniego (1921-1998), a statuetki przedstawiaj\u0105 rzeczywiste rze\u017aby artysty. <\/p>\n<p>Tegoroczna Noc Cezar\u00f3w odb\u0119dzie si\u0119 25 lutego w Theatre Musical de Paris Chatelet. Gal\u0119 poprowadzi aktorka komediowa Val\u00e9rie Lemercier, kt\u00f3ra w 1994 wygra\u0142a Cezara w kategorii najlepsza aktorka drugoplanowa za film &#8222;Go\u015bcie, go\u015bcie&#8221; (1993), a w 1992 by\u0142a nominowana w tej samej kategorii za obraz &#8222;L&#8217;Op\u00e9ration Corned-Beef&#8221; (1991). W tym roku jest ona jedn\u0105 z nominowanych do Cezara dla najlepszej aktorki za &#8222;Palais Royal !&#8221;. Tymczasem najwi\u0119cej &#8211; bo a\u017c 10 &#8211; nominacji zdoby\u0142a produkcja &#8222;W rytmie serca&#8221; Jacquesa Audiarda. Film b\u0119dzie walczy\u0142 o laury m.in. w kategoriach: najlepszy film, najlepszy re\u017cyser, najlepszy aktor, najlepszy scenariusz adaptowany. <\/p>\n<p>Pierwsza Noc Cezar\u00f3w odby\u0142a si\u0119 3 kwietnia 1976 roku w Palais des Congres w Pary\u017cu, a honory gospodarza uroczysto\u015bci (President de la Ceremonie) pe\u0142ni\u0142 jeden z najwi\u0119kszych aktor\u00f3w francuskiego kina &#8211; Jean Gabin. Stworzona w 1975 roku Akademia Filmowa liczy obecnie ponad trzy tysi\u0105ce cz\u0142onk\u00f3w. W tajnym g\u0142osowaniu wybieraj\u0105 oni kandydat\u00f3w nominowanych do nagr\u00f3d w licznych kategoriach, takich jak m.in.: film roku (pe\u0142no- i kr\u00f3tkometra\u017cowy), debiut roku, najlepszy aktor, najlepsza aktorka, re\u017cyser, scenarzysta, operator, scenograf, monta\u017cysta. Przyznawana jest r\u00f3wnie\u017c nagroda dla najlepszej produkcji zagranicznej, kt\u00f3ra go\u015bci\u0142a na francuskich ekranach (rok temu &#8222;Mi\u0119dzy s\u0142owami&#8221; Sofii Coppoli), nagroda dla najlepszej produkcji z kraj\u00f3w Unii Europejskiej (w zesz\u0142ym roku by\u0142y to ex aequo: &#8222;\u017bycie jest cudem&#8221; Emira Kusturicy i &#8222;Czu\u0142y poca\u0142unek&#8221; Kena Loacha) oraz Cezar Honorowy, kt\u00f3rym ostatnio zosta\u0142 wyr\u00f3\u017cniony Will Smith, a wcze\u015bniej m.in.: Marlon Brando, Michael Douglas, Sharon Stone, Charles Aznavour i Jean Rochefort. Laureatami nagr\u00f3d francuskiej Akademii byli te\u017c Polacy, m.in.: Andrzej Wajda za re\u017cyseri\u0119 &#8222;Dantona&#8221;, Roman Pola\u0144ski jako re\u017cyser &#8222;Tess&#8221; i &#8222;Pianisty&#8221; oraz Pawe\u0142 Edelman (zdj\u0119cia), Allan Starski (scenografia) i Wojciech Kilar (muzyka) za prac\u0119 przy &#8222;Piani\u015bcie&#8221;. <\/p>\n<p>Obecnie nagrody wr\u0119czane s\u0105 zawsze w ostatni\u0105 sobot\u0119 lutego. Impreza organizowana jest przy wsp\u00f3\u0142pracy m.in. francuskiego Ministerstwa Kultury i Komunikacji, Centre National de la Cinematographie, Institut National de l&#8217;Audiovisuel, Bibliotheque du Film i Unifrance oraz instytucji europejskich, takich jak MEDIA Desk, Eurimages, Europa Cinemas i Unii Europejskiej. <\/p>\n<p>Jednym z triumfator\u00f3w ubieg\u0142orocznej edycji imprezy by\u0142 &#8222;Unik&#8221; Abdellatifa Kechiche&#8217;a, kt\u00f3ry zostanie zaprezentowany na antenie CANAL+ tu\u017c po zako\u0144czeniu relacji z Nocy Cezar\u00f3w, w niedziel\u0119, 26 lutego o 21:30. <\/p>\n","protected":false},"excerpt":{"rendered":"W niedziel\u0119, 26 lutego 2006 o 20:00 Canal+ przeprowadzi obszern\u0105 relacj\u0119 z tegorocznej gali rozdania francuskich nagr\u00f3d filmowych Cezar\u00f3w.","protected":false},"author":1,"featured_media":81441,"comment_status":"open","ping_status":"closed","sticky":false,"template":"","format":"standard","meta":{"csco_display_header_overlay":false,"csco_singular_sidebar":"","csco_page_header_type":"","csco_page_load_nextpost":"","csco_post_video_location":[],"csco_post_video_location_hash":"","csco_post_video_url":"","csco_post_video_bg_start_time":0,"csco_post_video_bg_end_time":0,"footnotes":""},"categories":[9670],"tags":[],"class_list":{"0":"post-81440","1":"post","2":"type-post","3":"status-publish","4":"format-standard","5":"has-post-thumbnail","7":"category-tv","8":"cs-entry","9":"cs-video-wrap"},"_links":{"self":[{"href":"https:\/\/mediarun.com\/pl\/wp-json\/wp\/v2\/posts\/81440","targetHints":{"allow":["GET"]}}],"collection":[{"href":"https:\/\/mediarun.com\/pl\/wp-json\/wp\/v2\/posts"}],"about":[{"href":"https:\/\/mediarun.com\/pl\/wp-json\/wp\/v2\/types\/post"}],"author":[{"embeddable":true,"href":"https:\/\/mediarun.com\/pl\/wp-json\/wp\/v2\/users\/1"}],"replies":[{"embeddable":true,"href":"https:\/\/mediarun.com\/pl\/wp-json\/wp\/v2\/comments?post=81440"}],"version-history":[{"count":0,"href":"https:\/\/mediarun.com\/pl\/wp-json\/wp\/v2\/posts\/81440\/revisions"}],"wp:featuredmedia":[{"embeddable":true,"href":"https:\/\/mediarun.com\/pl\/wp-json\/wp\/v2\/media\/81441"}],"wp:attachment":[{"href":"https:\/\/mediarun.com\/pl\/wp-json\/wp\/v2\/media?parent=81440"}],"wp:term":[{"taxonomy":"category","embeddable":true,"href":"https:\/\/mediarun.com\/pl\/wp-json\/wp\/v2\/categories?post=81440"},{"taxonomy":"post_tag","embeddable":true,"href":"https:\/\/mediarun.com\/pl\/wp-json\/wp\/v2\/tags?post=81440"}],"curies":[{"name":"wp","href":"https:\/\/api.w.org\/{rel}","templated":true}]}}