{"id":81438,"date":"2006-01-31T01:31:06","date_gmt":"2006-01-31T00:31:06","guid":{"rendered":"https:\/\/mediarun.com\/index.php\/news-posts\/comarch-pokaze-polska-grafike-uzytkowa\/"},"modified":"2006-01-31T01:31:06","modified_gmt":"2006-01-31T00:31:06","slug":"comarch-pokaze-polska-grafike-uzytkowa","status":"publish","type":"post","link":"https:\/\/mediarun.com\/pl\/marketing\/atl\/comarch-pokaze-polska-grafike-uzytkowa.html","title":{"rendered":"Comarch poka\u017ce polsk\u0105 grafik\u0119 u\u017cytkow\u0105"},"content":{"rendered":"<p>Comarch zaprasza polskich m\u0142odych projektant\u00f3w do przesy\u0142ania swoich prac, kt\u00f3re promowane b\u0119d\u0105 podczas targ\u00f3w, kt\u00f3re w zesz\u0142ym roku odwiedzi\u0142o 0,5 mln os\u00f3b. Opr\u00f3cz prezentacji polskiej grafiki, Comarch poka\u017ce w\u0142asne innowacje technologiczne w zakresie system\u00f3w ERP na rynek niemiecki, system\u00f3w lojalno\u015bciowych, bankowo\u015bci elektronicznej, oraz system\u00f3w dla Telekomunikacji i administracji publicznej. Comarch serdecznie zaprasza wszystkich przedstawicieli polskiego rz\u0105du, administracji i przedsi\u0119biorstw, oraz medi\u00f3w do odwiedzenia stoiska A51 w Hali nr 1. <\/p>\n<p> Aby umo\u017cliwi\u0107 dobr\u0105 ekspozycj\u0119 grafiki, stoisko Comarch wyposa\u017cone zostanie w system plazm, na kt\u00f3rych przez ca\u0142y czas wy\u015bwietlane b\u0119d\u0105 najciekawsze prace. Na stoisku Comarch b\u0119dzie si\u0119 mie\u015bci\u0107 r\u00f3wnie\u017c kawiarnia, i centrum konsultingowe dla wszystkich zainteresowanych technologiami informatycznymi. &#8211; Polska grafika u\u017cytkowa czy te\u017c komunikacja wizualna reprezentuje coraz wy\u017cszy poziom i spokojnie mo\u017ce r\u00f3wna\u0107 si\u0119 z najlepszymi. Chcemy stworzy\u0107 mo\u017cliwo\u015bci, \u017ceby ten mocny trend pokaza\u0107 na forum europejskim. Chcemy da\u0107 m\u0142odym polskim projektantom mo\u017cliwo\u015b\u0107 promocji swoich prac na mi\u0119dzynarodowych targach CeBIT 2006. Uwa\u017camy przy tym, \u017ce b\u0119dzie to mia\u0142o doskona\u0142e prze\u0142o\u017cenie na postrzeganie naszych system\u00f3w informatycznych, kt\u00f3re s\u0105 niezwykle trudne do wizualizacji. Comarch jako firma ca\u0142y czas szuka efektywnych sposob\u00f3w na promocj\u0119 technologii i przyczynianie si\u0119 do promocji polskiej gospodarki i kultury na \u015bwiecie &#8211; m\u00f3wi Grzegorz B\u0142a\u017cewicz, Dyrektor Marketingu&#038;PR, Comarch S.A. <\/p>\n<p> Na stoisku Comarch przez ca\u0142y dzie\u0144 b\u0119d\u0105 odbywa\u0142y si\u0119 r\u00f3wnie\u017c cykliczne prezentacje tematyczne na temat system\u00f3w ERP dla ma\u0142ych i \u015brednich firm, system\u00f3w lojalno\u015bciowych, bankowo\u015bci elektronicznej, system\u00f3w dla Telekomunikacji i administracji publicznej. Spodziewane s\u0105 r\u00f3wnie\u017c specjalne wizyty niemieckiego rz\u0105du oraz administracji lokalnej z regionu Saksonii, gdzie Comarch przy Uniwersytecie Technicznym w Dre\u017anie buduje mocne centrum produkcyjno-badawcze. <\/p>\n","protected":false},"excerpt":{"rendered":"Podczas najwi\u0119kszych europejskich targ\u00f3w technologicznych CeBIT 2006 (9-15 marzec 2006), Comarch, opr\u00f3cz swoich najnowszych rozwi\u0105za\u0144 informatycznych dla przedsi\u0119biorstw, na swoim stoisku o powierzchni ponad 350 m2 zaprezentuje prace polskich projektant\u00f3w grafiki u\u017cytkowej.","protected":false},"author":1,"featured_media":0,"comment_status":"open","ping_status":"closed","sticky":false,"template":"","format":"standard","meta":{"csco_display_header_overlay":false,"csco_singular_sidebar":"","csco_page_header_type":"","csco_page_load_nextpost":"","csco_post_video_location":[],"csco_post_video_location_hash":"","csco_post_video_url":"","csco_post_video_bg_start_time":0,"csco_post_video_bg_end_time":0,"footnotes":""},"categories":[9642],"tags":[],"class_list":{"0":"post-81438","1":"post","2":"type-post","3":"status-publish","4":"format-standard","6":"category-atl","7":"cs-entry","8":"cs-video-wrap"},"_links":{"self":[{"href":"https:\/\/mediarun.com\/pl\/wp-json\/wp\/v2\/posts\/81438","targetHints":{"allow":["GET"]}}],"collection":[{"href":"https:\/\/mediarun.com\/pl\/wp-json\/wp\/v2\/posts"}],"about":[{"href":"https:\/\/mediarun.com\/pl\/wp-json\/wp\/v2\/types\/post"}],"author":[{"embeddable":true,"href":"https:\/\/mediarun.com\/pl\/wp-json\/wp\/v2\/users\/1"}],"replies":[{"embeddable":true,"href":"https:\/\/mediarun.com\/pl\/wp-json\/wp\/v2\/comments?post=81438"}],"version-history":[{"count":0,"href":"https:\/\/mediarun.com\/pl\/wp-json\/wp\/v2\/posts\/81438\/revisions"}],"wp:attachment":[{"href":"https:\/\/mediarun.com\/pl\/wp-json\/wp\/v2\/media?parent=81438"}],"wp:term":[{"taxonomy":"category","embeddable":true,"href":"https:\/\/mediarun.com\/pl\/wp-json\/wp\/v2\/categories?post=81438"},{"taxonomy":"post_tag","embeddable":true,"href":"https:\/\/mediarun.com\/pl\/wp-json\/wp\/v2\/tags?post=81438"}],"curies":[{"name":"wp","href":"https:\/\/api.w.org\/{rel}","templated":true}]}}