{"id":81437,"date":"2006-01-31T01:35:05","date_gmt":"2006-01-31T00:35:05","guid":{"rendered":"https:\/\/mediarun.com\/index.php\/news-posts\/v-kongres-pr\/"},"modified":"2006-01-31T01:35:05","modified_gmt":"2006-01-31T00:35:05","slug":"v-kongres-pr","status":"publish","type":"post","link":"https:\/\/mediarun.com\/pl\/trendy\/branding\/v-kongres-pr.html","title":{"rendered":"V Kongres PR"},"content":{"rendered":"<p>Jubileuszowy Kongres odb\u0119dzie si\u0119 w dniach 26-28 kwietnia 2006 roku w siedzibie Wy\u017cszej Szko\u0142y Informatyki i Zarz\u0105dzania w Rzeszowie. Sw\u00f3j udzia\u0142 zapowiedzia\u0142o wielu mened\u017cer\u00f3w, praktyk\u00f3w i naukowc\u00f3w &#8211; kreator\u00f3w wizerunku firm, organizacji i os\u00f3b.<\/p>\n<p>Wsp\u00f3\u0142organizatorem Kongresu jest RPR Group, Agencja Public Relations w Warszawie. W bie\u017c\u0105cym roku Kongres u\u015bwietni\u0105 swoj\u0105 obecno\u015bci\u0105 m.in.: Grzegorz Miecugow z TVN24 oraz S\u0142awomir Zieli\u0144ski z TVP3. Program Kongresu zawiera warsztaty, debaty oraz sesje po\u015bwi\u0119cone r\u00f3\u017cnym aspektom funkcjonowania bran\u017cy PR. Dr Dariusz TWORZYD\u0141O (Pe\u0142nomocnik Rektora ds. Public Relations, WSIiZ w Rzeszowie): &#8222;Nowo\u015bci\u0105 b\u0119dzie debata po\u015bwi\u0119cona CSR (Corporate Social Responsibility &#8211; spo\u0142eczna odpowiedzialno\u015b\u0107 biznesu). CSR jest koncepcj\u0105, dzi\u0119ki kt\u00f3rej firmy w procesie budowania strategii dobrowolnie bior\u0105 pod uwag\u0119 interesy spo\u0142eczne oraz ochron\u0119 \u015brodowiska.&#8221;<\/p>\n<p>Organizatorzy staraj\u0105 si\u0119 zaskakiwa\u0107 przy ka\u017cdej jego edycji. Tym razem Kongresowi towarzyszy\u0142 b\u0119dzie I Og\u00f3lnopolski Przegl\u0105d Film\u00f3w Korporacyjnych &#8211; MEDIAL (25.04. 2006). G\u0142\u00f3wnym celem Przegl\u0105du b\u0119dzie prezentacja dorobku agencji producenckich, w formie przygotowanych dla korporacji film\u00f3w o charakterze promocyjnym, w wymiarze zar\u00f3wno wewn\u0119trznym jak i zewn\u0119trznym. Wojciech T. W\u00f3jcik (Producent Filmowy, Prezes TIM Medial): &#8222;Dlaczego wymy\u015bli\u0142em Przegl\u0105d?&#8230;Czas moim zdaniem wyj\u015b\u0107 z ukrycia. Ten rynek rozwija si\u0119 bardzo dynamicznie, ale nadal jest w cieniu reklamy. Filmy korporacyjne s\u0105 bardzo cz\u0119sto stosowanym narz\u0119dziem w praktyce PR i ich tw\u00f3rcy nie maj\u0105 powodu do wstydu. Powstaj\u0105 filmy r\u00f3\u017cnego formatu artystycznego, merytorycznego i r\u00f3\u017cnej jako\u015bci technicznej. I w\u0142a\u015bnie najlepsze z nich chcemy zaprezentowa\u0107 podczas Przegl\u0105du MEDIAL.<\/p>\n<p>Kongres Public Relations jest platform\u0105, na kt\u00f3rej prezentowany jest nie tylko dorobek agencji, firm, wyniki bada\u0144 naukowych, ale r\u00f3wnie\u017c jest to spotkanie tych, kt\u00f3rzy poch\u0142oni\u0119ci prac\u0105 zawodow\u0105 mog\u0105 si\u0119 spotka\u0107 przynajmniej raz w roku w Rzeszowie i podzieli\u0107 si\u0119 wiedz\u0105 i spostrze\u017ceniami, a tak\u017ce szkoli\u0107 m\u0142odych adept\u00f3w PRu. Arkadiusz MICHNO (Dyrektor Generalny IDEO): &#8222;Kongres Public Relations postrzegam jako wydarzenie niepowtarzalne i bardzo warto\u015bciowe. Dzi\u0119ki obecno\u015bci szerokiego grona PRowc\u00f3w &#8211; zar\u00f3wno ludzi nauki, a tak\u017ce ekspert\u00f3w i praktyk\u00f3w z bran\u017cy PR, Kongres staje si\u0119 platform\u0105 wymiany do\u015bwiadcze\u0144. Zaanga\u017cowali\u015bmy si\u0119 w przygotowanie serwisu internetowego Kongresu, aby przekazywana wiedza by\u0142a zawsze dost\u0119pna. Organizatorzy mog\u0105 na bie\u017c\u0105co informowa\u0107 o swoich planach, kolejnych spotkaniach za pomoc\u0105 systemu Edito CMS, a wszyscy zainteresowani b\u0119d\u0105 mieli mo\u017cliwo\u015b\u0107 prze\u017cycia Kongresu po raz kolejny &#8211; na stronach www.&#8221; <\/p>\n<p>Dr Dariusz TWORZYD\u0141O (Pe\u0142nomocnik Rektora ds. Public Relations, WSIiZ w Rzeszowie): &#8222;Ka\u017cdy Kongres jest przez nas starannie re\u017cyserowany. Dzi\u0119ki zaanga\u017cowaniu moich wsp\u00f3\u0142pracownik\u00f3w i student\u00f3w prezentuje on wysoko oceniany poziom merytoryczny i organizacyjny. To sprawia, \u017ce budzi du\u017ce zainteresowanie w\u015br\u00f3d szerokiego grona praktyk\u00f3w PR, biznesu i medi\u00f3w oraz otrzymuje silne wsparcie organizacji bran\u017cowych (Polskiego Stowarzyszenia Public Relations, Zwi\u0105zku Firm Public Relations oraz Fundacji InternetPR).&#8221;<\/p>\n","protected":false},"excerpt":{"rendered":"Ju\u017c tylko trzy miesi\u0105ce pozosta\u0142o do inauguracji kolejnej edycji \u015bwi\u0119ta polskich pijarowc\u00f3w. Z pewno\u015bci\u0105 b\u0119dzie o czym rozmawia\u0107, w ko\u0144cu tak wiele w ostatnim roku wydarzy\u0142o si\u0119 w bran\u017cy.","protected":false},"author":1,"featured_media":0,"comment_status":"open","ping_status":"closed","sticky":false,"template":"","format":"standard","meta":{"csco_display_header_overlay":false,"csco_singular_sidebar":"","csco_page_header_type":"","csco_page_load_nextpost":"","csco_post_video_location":[],"csco_post_video_location_hash":"","csco_post_video_url":"","csco_post_video_bg_start_time":0,"csco_post_video_bg_end_time":0,"footnotes":""},"categories":[9658],"tags":[],"class_list":{"0":"post-81437","1":"post","2":"type-post","3":"status-publish","4":"format-standard","6":"category-branding","7":"cs-entry","8":"cs-video-wrap"},"_links":{"self":[{"href":"https:\/\/mediarun.com\/pl\/wp-json\/wp\/v2\/posts\/81437","targetHints":{"allow":["GET"]}}],"collection":[{"href":"https:\/\/mediarun.com\/pl\/wp-json\/wp\/v2\/posts"}],"about":[{"href":"https:\/\/mediarun.com\/pl\/wp-json\/wp\/v2\/types\/post"}],"author":[{"embeddable":true,"href":"https:\/\/mediarun.com\/pl\/wp-json\/wp\/v2\/users\/1"}],"replies":[{"embeddable":true,"href":"https:\/\/mediarun.com\/pl\/wp-json\/wp\/v2\/comments?post=81437"}],"version-history":[{"count":0,"href":"https:\/\/mediarun.com\/pl\/wp-json\/wp\/v2\/posts\/81437\/revisions"}],"wp:attachment":[{"href":"https:\/\/mediarun.com\/pl\/wp-json\/wp\/v2\/media?parent=81437"}],"wp:term":[{"taxonomy":"category","embeddable":true,"href":"https:\/\/mediarun.com\/pl\/wp-json\/wp\/v2\/categories?post=81437"},{"taxonomy":"post_tag","embeddable":true,"href":"https:\/\/mediarun.com\/pl\/wp-json\/wp\/v2\/tags?post=81437"}],"curies":[{"name":"wp","href":"https:\/\/api.w.org\/{rel}","templated":true}]}}