{"id":81432,"date":"2006-01-31T01:47:26","date_gmt":"2006-01-31T00:47:26","guid":{"rendered":"https:\/\/mediarun.com\/index.php\/news-posts\/epson-art-photo-award-2006\/"},"modified":"2006-01-31T01:47:26","modified_gmt":"2006-01-31T00:47:26","slug":"epson-art-photo-award-2006","status":"publish","type":"post","link":"https:\/\/mediarun.com\/pl\/trendy\/branding\/epson-art-photo-award-2006.html","title":{"rendered":"Epson art photo award 2006"},"content":{"rendered":"<p>Wydrukowane zdj\u0119cia mo\u017cna nadsy\u0142a\u0107 mi\u0119dzy 1 lutego a 15 lipca. Podobnie jak poprzednio, wsp\u00f3\u0142organizatorem konkursu jest ART COLOGNE. Uhonorowanie zwyci\u0119zc\u00f3w i prezentacja prac b\u0119d\u0105 mia\u0142y miejsce na pocz\u0105tku listopada, podczas mi\u0119dzynarodowych targ\u00f3w sztuki. Epson art photo award 2006 odbywa si\u0119 pod patronatem Ramona Oll\u00e9&#8217;go, dyrektora generalnego i prezesa Epson Europe B.V.<\/p>\n<p>Nagroda Epson art photo award ju\u017c w pierwszym roku swojego istnienia zdoby\u0142a sobie ogromny presti\u017c. \u015awiadczy o tym nie tylko du\u017ca liczba staraj\u0105cych si\u0119 o ni\u0105 szk\u00f3\u0142 wy\u017cszych, lecz tak\u017ce du\u017ce zainteresowanie ze strony medi\u00f3w i fachowc\u00f3w z bran\u017cy. Tysi\u0105ce go\u015bci targ\u00f3w ART COLOGNE 2005 odwiedzi\u0142o specjaln\u0105 galeri\u0119, przygotowan\u0105 na potrzeby konkursu. <\/p>\n<p>&#8222;Cieszymy si\u0119 z du\u017cego zainteresowania konkursem Epson art photo award. \u015awiadczy to o tym, \u017ce wype\u0142niamy wa\u017cn\u0105 luk\u0119 w promowaniu m\u0142odych artyst\u00f3w. Nasze zaanga\u017cowanie znajdzie swoj\u0105 kontynuacj\u0119 w kolejnej edycji konkursu, kt\u00f3rego fina\u0142 odb\u0119dzie si\u0119 podczas targ\u00f3w ART COLOGNE na jesieni 2006 roku. Dla m\u0142odych artyst\u00f3w to idealna platforma do by\u0107 mo\u017ce pierwszej w \u017cyciu prezentacji swoich osi\u0105gni\u0119\u0107 w skali mi\u0119dzynarodowej&#8221; &#8211; powiedzia\u0142 Henning Ohlsson, szef Epson Deutschland GmbH.<\/p>\n<p>Od 1 lutego 2006 roku zapraszamy wszystkie klasy o profilu fotograficznym, student\u00f3w wy\u017cszych uczelni i szk\u00f3\u0142 zawodowych oraz zespo\u0142y z wszelkich instytucji edukacyjnych o profilu fotograficznym z ca\u0142ej Europy do ubiegania si\u0119 o nagrod\u0119 Epson art photo award 2006. Z pul\u0105 nagr\u00f3d w wysoko\u015bci ponad 35.000 euro jest to jedna z najwy\u017cej dotowanych nagr\u00f3d artystycznych w Europie. Zostan\u0105 wyr\u00f3\u017cnione najlepsze i najbardziej innowacyjne zdj\u0119cia spo\u015br\u00f3d nades\u0142anych na konkurs. Wyr\u00f3\u017cnienia otrzyma najlepsza klasa, najlepszy pojedynczy uczestnik, a tak\u017ce kolejne najlepsze prace spo\u015br\u00f3d zg\u0142oszonych. Wyboru najlepszych prac dokona niezale\u017cne jury, z\u0142o\u017cone z ciesz\u0105cych si\u0119 wysokim presti\u017cem w\u0142a\u015bcicieli galerii sztuki, artyst\u00f3w fotografik\u00f3w, przedstawicieli bran\u017cowych medi\u00f3w oraz kurator\u00f3w wystaw. Ju\u017c teraz mo\u017cna przygotowywa\u0107 si\u0119 do udzia\u0142u w konkursie. <\/p>\n<p>Ramon Oll\u00e9, dyrektor generalny i prezes Epson Europe B.V., przyj\u0105\u0142 patronat nad Epson art photo award 2006. &#8222;Promocj\u0119 m\u0142odych artyst\u00f3w fotografik\u00f3w w Europie firma Epson traktuje jako cz\u0119\u015b\u0107 swojej spo\u0142ecznej odpowiedzialno\u015bci. Cieszymy si\u0119 z mi\u0119dzynarodowego uczestnictwa szk\u00f3\u0142 artystycznych i fotograficznych, kt\u00f3re daj\u0105 dow\u00f3d pasji w podej\u015bciu do sztuki i fotografii&#8221; powiedzia\u0142 Oll\u00e9.<\/p>\n<p> &#8222;Warto ju\u017c teraz pomy\u015ble\u0107 o udziale w konkursie Epson art photo award 2006 i tak zaplanowa\u0107 zaj\u0119cia letniego semestru 2006, by uwzgl\u0119dnia\u0142y prace nad zdj\u0119ciami na konkurs. Poniewa\u017c konkurs nie narzuca \u017cadnych ogranicze\u0144 tematycznych, mo\u017cliwa jest dowolna realizacja koncepcji artystycznych&#8221; dodaje Ohlsson.<\/p>\n<p>Ubieg\u0142oroczn\u0105 edycj\u0119 konkursu Epson art photo award wygra\u0142a wy\u017csza szko\u0142a zawodowa z Dortmundu. R\u00f3wnie\u017c Polacy znale\u017ali si\u0119 w\u015br\u00f3d laureat\u00f3w zesz\u0142orocznej edycji konkursu. Nagrodzono prac\u0119 Weroniki \u0141odzi\u0144skiej-Dudy i Andrzeja Kramarza, a tak\u017ce fotografi\u0119 Jakuba Pierzcha\u0142y (wszyscy z krakowskiej Akademii Sztuk Pi\u0119knych).<\/p>\n<p>W pierwszej edycji Epson art photo award wzi\u0119\u0142o udzia\u0142 ponad 70 wy\u017cszych uczelni z ponad 20 kraj\u00f3w (w tym r\u00f3wnie\u017c z Polski).<\/p>\n<p>Wszystkie informacje, wraz z list\u0105 wymaganych dokument\u00f3w, uprawniaj\u0105cych do wzi\u0119cia udzia\u0142u w konkursie Epson art photo award 2006, mo\u017cna znale\u017a\u0107 pod adresem www.art-photo-award.de.<\/p>\n","protected":false},"excerpt":{"rendered":"Po wielkim sukcesie konkursu o nagrod\u0119 Epson art photo award 2005 wkr\u00f3tce ruszy jego druga edycja. Studenci oraz uczniowie klas o profilu fotograficznym z wy\u017cszych uczelni i szk\u00f3\u0142 \u015brednich b\u0119d\u0105 mogli po raz kolejny ubiega\u0107 si\u0119 o cenne nagrody.","protected":false},"author":1,"featured_media":0,"comment_status":"open","ping_status":"closed","sticky":false,"template":"","format":"standard","meta":{"csco_display_header_overlay":false,"csco_singular_sidebar":"","csco_page_header_type":"","csco_page_load_nextpost":"","csco_post_video_location":[],"csco_post_video_location_hash":"","csco_post_video_url":"","csco_post_video_bg_start_time":0,"csco_post_video_bg_end_time":0,"footnotes":""},"categories":[9658],"tags":[],"class_list":{"0":"post-81432","1":"post","2":"type-post","3":"status-publish","4":"format-standard","6":"category-branding","7":"cs-entry","8":"cs-video-wrap"},"_links":{"self":[{"href":"https:\/\/mediarun.com\/pl\/wp-json\/wp\/v2\/posts\/81432","targetHints":{"allow":["GET"]}}],"collection":[{"href":"https:\/\/mediarun.com\/pl\/wp-json\/wp\/v2\/posts"}],"about":[{"href":"https:\/\/mediarun.com\/pl\/wp-json\/wp\/v2\/types\/post"}],"author":[{"embeddable":true,"href":"https:\/\/mediarun.com\/pl\/wp-json\/wp\/v2\/users\/1"}],"replies":[{"embeddable":true,"href":"https:\/\/mediarun.com\/pl\/wp-json\/wp\/v2\/comments?post=81432"}],"version-history":[{"count":0,"href":"https:\/\/mediarun.com\/pl\/wp-json\/wp\/v2\/posts\/81432\/revisions"}],"wp:attachment":[{"href":"https:\/\/mediarun.com\/pl\/wp-json\/wp\/v2\/media?parent=81432"}],"wp:term":[{"taxonomy":"category","embeddable":true,"href":"https:\/\/mediarun.com\/pl\/wp-json\/wp\/v2\/categories?post=81432"},{"taxonomy":"post_tag","embeddable":true,"href":"https:\/\/mediarun.com\/pl\/wp-json\/wp\/v2\/tags?post=81432"}],"curies":[{"name":"wp","href":"https:\/\/api.w.org\/{rel}","templated":true}]}}