{"id":81383,"date":"2006-01-31T11:29:28","date_gmt":"2006-01-31T10:29:28","guid":{"rendered":"https:\/\/mediarun.com\/index.php\/news-posts\/tvp-kultura-w-vectrze\/"},"modified":"2006-01-31T11:29:28","modified_gmt":"2006-01-31T10:29:28","slug":"tvp-kultura-w-vectrze","status":"publish","type":"post","link":"https:\/\/mediarun.com\/pl\/media\/tv\/tvp-kultura-w-vectrze.html","title":{"rendered":"TVP Kultura w Vectrze"},"content":{"rendered":"<p>Rafa\u0142 Haniak, cz\u0142onek zarz\u0105du Vectry t\u0142umaczy, \u017ce udost\u0119pnianie kana\u0142u TVP Kultura operator rozpocz\u0105\u0142 jeszcze w ubieg\u0142ym roku. &#8211; Uda\u0142o si\u0119 przeprowadzi\u0107 ten proces niemal jednocze\u015bnie w kilku lokalizacjach, w kt\u00f3rych znajduje si\u0119 znaczna liczba naszych abonent\u00f3w, np. w Radomiu, Jeleniej G\u00f3rze czy Legnicy &#8211; m\u00f3wi Haniak.<\/p>\n<p>W ostatnich miesi\u0105cach oferta programowa Vectry zosta\u0142a poszerzona tak\u017ce o takie kana\u0142y tematyczne jak Viasat History oraz TVN Style.<\/p>\n","protected":false},"excerpt":{"rendered":"Ju\u017c w dwunastu miastach w Polsce operator kablowy Vectra w\u0142\u0105czy\u0142 do swojej oferty programowej kana\u0142 TVP Kultura. Obecnie program stacji mog\u0105 odbiera\u0107 abonenci w Jeleniej G\u00f3rze, Legnicy, Lubinie, Bia\u0142obrzegach, Radomiu, Rzeszowie, Kro\u015bnie, Skar\u017cysku Kamiennej, O\u015bwi\u0119cimiu, Radomsku, Woli i Przysusze.","protected":false},"author":1,"featured_media":81384,"comment_status":"open","ping_status":"closed","sticky":false,"template":"","format":"standard","meta":{"csco_display_header_overlay":false,"csco_singular_sidebar":"","csco_page_header_type":"","csco_page_load_nextpost":"","csco_post_video_location":[],"csco_post_video_location_hash":"","csco_post_video_url":"","csco_post_video_bg_start_time":0,"csco_post_video_bg_end_time":0,"footnotes":""},"categories":[9670],"tags":[],"class_list":{"0":"post-81383","1":"post","2":"type-post","3":"status-publish","4":"format-standard","5":"has-post-thumbnail","7":"category-tv","8":"cs-entry","9":"cs-video-wrap"},"_links":{"self":[{"href":"https:\/\/mediarun.com\/pl\/wp-json\/wp\/v2\/posts\/81383","targetHints":{"allow":["GET"]}}],"collection":[{"href":"https:\/\/mediarun.com\/pl\/wp-json\/wp\/v2\/posts"}],"about":[{"href":"https:\/\/mediarun.com\/pl\/wp-json\/wp\/v2\/types\/post"}],"author":[{"embeddable":true,"href":"https:\/\/mediarun.com\/pl\/wp-json\/wp\/v2\/users\/1"}],"replies":[{"embeddable":true,"href":"https:\/\/mediarun.com\/pl\/wp-json\/wp\/v2\/comments?post=81383"}],"version-history":[{"count":0,"href":"https:\/\/mediarun.com\/pl\/wp-json\/wp\/v2\/posts\/81383\/revisions"}],"wp:featuredmedia":[{"embeddable":true,"href":"https:\/\/mediarun.com\/pl\/wp-json\/wp\/v2\/media\/81384"}],"wp:attachment":[{"href":"https:\/\/mediarun.com\/pl\/wp-json\/wp\/v2\/media?parent=81383"}],"wp:term":[{"taxonomy":"category","embeddable":true,"href":"https:\/\/mediarun.com\/pl\/wp-json\/wp\/v2\/categories?post=81383"},{"taxonomy":"post_tag","embeddable":true,"href":"https:\/\/mediarun.com\/pl\/wp-json\/wp\/v2\/tags?post=81383"}],"curies":[{"name":"wp","href":"https:\/\/api.w.org\/{rel}","templated":true}]}}