{"id":81379,"date":"2006-01-31T16:54:37","date_gmt":"2006-01-31T15:54:37","guid":{"rendered":"https:\/\/mediarun.com\/index.php\/news-posts\/media-dla-ofiar\/"},"modified":"2006-01-31T16:54:37","modified_gmt":"2006-01-31T15:54:37","slug":"media-dla-ofiar","status":"publish","type":"post","link":"https:\/\/mediarun.com\/pl\/media\/prasa\/media-dla-ofiar.html","title":{"rendered":"Media dla ofiar"},"content":{"rendered":"<p>&#8211; Do ko\u0144ca trwania \u017ca\u0142oby nie b\u0119dzie reklam w grzbiecie g\u0142\u00f3wnym &#8222;Gazety Wyborczej&#8221;, w &#8222;Metrze&#8221; i &#8222;Nowym Dniu&#8221; oraz w radiach Agory &#8211; zapewnia nas Iwona Plater &#8211; Zyberk z dzia\u0142u komunikacji korporacyjnej Agory. Reklamy pojawi\u0142y si\u0119 we wtorkowym wydaniu dziennika &#8222;Rzeczpospolita&#8221;. <\/p>\n<p>Emisj\u0119 blok\u00f3w reklamowych wznowi\u0142y ju\u017c tak\u017ce Polsat i TV4. Cz\u0119\u015b\u0107 dochod\u00f3w z nich trafi do ofiar tragedii na \u015al\u0105sku. R\u00f3wnie\u017c wydawnictwo G+J Polska przeznaczy cz\u0119\u015b\u0107 wp\u0142yw\u00f3w reklamowych ze sprzeda\u017cy numer\u00f3w czasopism, kt\u00f3re s\u0105 obecnie w sprzeda\u017cy. Podobnie post\u0105pi Viva Polska. Telewizja muzyczna zdecydowa\u0142a o przekazaniu przychod\u00f3w z reklam emitowanych w czasie trwania \u017ca\u0142oby na rzecz ofiar.<\/p>\n<p>Najprawdopodobniej do \u015brody bloki reklamowe nie pojawi\u0105 si\u0119 w telewizji TVN. &#8211; TVP nie b\u0119dzie nadawa\u0107 reklam do 1 lutego w\u0142\u0105cznie &#8211; m\u00f3wi nam Daniel Jab\u0142o\u0144ski z wydzia\u0142u rzecznika Telewizji Polskiej. Identyczn\u0105 decyzj\u0119 podj\u0119\u0142o Radio Eska, kt\u00f3re, jak zapewnia nas Monika Polewska z dzia\u0142u PR, do ko\u0144ca trwania \u017ca\u0142oby nie wyemituje \u017cadnego bloku reklamowego. Wszystko wskazuje na to, \u017ce podobnie post\u0105pi\u0105 dwie najwi\u0119ksze rozg\u0142o\u015bnie radiowe &#8211; RMF FM i Radio Zet.<\/p>\n<p>W dniach 30 stycznia &#8211; 1 lutego 2006 roku, czyli w okresie \u017ca\u0142oby narodowej, na wszystkich czterech kana\u0142ach nale\u017c\u0105cych do firmy Zone Vision Networks, tj. Reality TV, Europa Europa, Romantica i Club, emitowana jest plansza informuj\u0105ca, i\u017c w\u0142a\u015bnie w tych dniach przych\u00f3d z emisji reklam przeznaczony zostanie na pomoc ofiarom tragedii w katowickiej Hali Targowej.<\/p>\n<p>Informacyjna Agencja Radiowa poinformowa\u0142a, \u017ce pracownicy Polskiego Radia b\u0119d\u0105 mogli odda\u0107 krew dla ofiar katastrofy budowlanej w Katowicach. Prawdopodobnie w czwartek zostanie zorganizowany specjalny punkt na terenie firmy.<\/p>\n","protected":false},"excerpt":{"rendered":"Do \u015brody w\u0142\u0105cznie, czyli do ko\u0144ca \u017ca\u0142oby narodowej, nie pojawi\u0105 si\u0119 reklamy w najwi\u0119kszych rozg\u0142o\u015bniach radiowych, niekt\u00f3rych stacjach telewizyjnych oraz w g\u0142\u00f3wnych grzbietach cz\u0119\u015bci gazet. Niekt\u00f3re media podj\u0119\u0142y decyzj\u0119 o przeznaczeniu cz\u0119\u015bci dochod\u00f3w z reklam na rzecz ofiar tragedii w Katowicach.","protected":false},"author":1,"featured_media":0,"comment_status":"open","ping_status":"closed","sticky":false,"template":"","format":"standard","meta":{"csco_display_header_overlay":false,"csco_singular_sidebar":"","csco_page_header_type":"","csco_page_load_nextpost":"","csco_post_video_location":[],"csco_post_video_location_hash":"","csco_post_video_url":"","csco_post_video_bg_start_time":0,"csco_post_video_bg_end_time":0,"footnotes":""},"categories":[9673],"tags":[],"class_list":{"0":"post-81379","1":"post","2":"type-post","3":"status-publish","4":"format-standard","6":"category-prasa","7":"cs-entry","8":"cs-video-wrap"},"_links":{"self":[{"href":"https:\/\/mediarun.com\/pl\/wp-json\/wp\/v2\/posts\/81379","targetHints":{"allow":["GET"]}}],"collection":[{"href":"https:\/\/mediarun.com\/pl\/wp-json\/wp\/v2\/posts"}],"about":[{"href":"https:\/\/mediarun.com\/pl\/wp-json\/wp\/v2\/types\/post"}],"author":[{"embeddable":true,"href":"https:\/\/mediarun.com\/pl\/wp-json\/wp\/v2\/users\/1"}],"replies":[{"embeddable":true,"href":"https:\/\/mediarun.com\/pl\/wp-json\/wp\/v2\/comments?post=81379"}],"version-history":[{"count":0,"href":"https:\/\/mediarun.com\/pl\/wp-json\/wp\/v2\/posts\/81379\/revisions"}],"wp:attachment":[{"href":"https:\/\/mediarun.com\/pl\/wp-json\/wp\/v2\/media?parent=81379"}],"wp:term":[{"taxonomy":"category","embeddable":true,"href":"https:\/\/mediarun.com\/pl\/wp-json\/wp\/v2\/categories?post=81379"},{"taxonomy":"post_tag","embeddable":true,"href":"https:\/\/mediarun.com\/pl\/wp-json\/wp\/v2\/tags?post=81379"}],"curies":[{"name":"wp","href":"https:\/\/api.w.org\/{rel}","templated":true}]}}