{"id":81377,"date":"2006-01-31T18:44:00","date_gmt":"2006-01-31T17:44:00","guid":{"rendered":"https:\/\/mediarun.com\/index.php\/news-posts\/czerwona-kartka-dla-ziolkowskiego\/"},"modified":"2006-01-31T18:44:00","modified_gmt":"2006-01-31T17:44:00","slug":"czerwona-kartka-dla-ziolkowskiego","status":"publish","type":"post","link":"https:\/\/mediarun.com\/pl\/media\/tv\/czerwona-kartka-dla-ziolkowskiego.html","title":{"rendered":"Czerwona kartka dla Zi\u00f3\u0142kowskiego"},"content":{"rendered":"<p>Telewizja Polska poinformowa\u0142a w komunikacie, \u017ce 28 lutego zostanie rozwi\u0105zana umowa o prac\u0119 zawarta przez TVP z Tomaszem Zi\u00f3\u0142kowskim.<\/p>\n<p>&#8222;Rzeczpospolita&#8221; napisa\u0142a 20 stycznia, \u017ce na pocz\u0105tku miesi\u0105ca szef kolegium sportowego TVP Robert Korzeniowski poinformowa\u0142 Nin\u0119 Terentiew, dyrektor Dw\u00f3jki, i\u017c utraci\u0142 zaufanie do Zi\u00f3\u0142kowskiego i nie wyobra\u017ca sobie dalszej z nim wsp\u00f3\u0142pracy. Do jego protestu do\u0142\u0105czyli sportowi dziennikarze, kt\u00f3rzy w li\u015bcie do dyrekcji zarzucili Zi\u00f3\u0142kowskiemu niekompetencje i nieumiej\u0119tno\u015b\u0107 pracy z lud\u017ami.<\/p>\n<p>Jeden z dziennikarzy t\u0142umaczy\u0142 &#8222;Rzeczpospolitej&#8221;, \u017ce posz\u0142o o filozofi\u0119 postrzegania zawodu. &#8211; To kolejny kierownik, kt\u00f3ry chcia\u0142 pokaza\u0107 &#8222;inne spojrzenie na sport&#8221; &#8211; wyja\u015bnia\u0142. &#8211; To si\u0119 nazywa\u0142o &#8222;wie\u015b ta\u0144czy i \u015bpiewa&#8221; &#8211; m\u00f3wi\u0142 inny. &#8211; Sport by\u0142 w tle &#8211; dodawa\u0142.<\/p>\n<p>Po publikacji dziennika Tomasz Zi\u00f3\u0142kowski nie chcia\u0142 komentowa\u0107 ca\u0142ego zdarzenia. &#8211; W pracy dla mnie wa\u017cny jest profesjonalizm, dlatego nie wypowiadam si\u0119 na tematy dotycz\u0105ce spraw wewn\u0119trznych TVP SA. Nie widz\u0119 te\u017c powodu do porozumiewania si\u0119 z innymi pracownikami TVP SA za po\u015brednictwem medi\u00f3w &#8211; m\u00f3wi\u0142 nam wtedy.<\/p>\n","protected":false},"excerpt":{"rendered":"Od \u015brody Tomasz Zi\u00f3\u0142kowski nie b\u0119dzie pe\u0142ni\u0142 obowi\u0105zk\u00f3w szefa redakcji sportowej telewizyjnej Dw\u00f3jki. Dziennikarz w lutym b\u0119dzie przebywa\u0142 na urlopie wypoczynkowym. Tymczasowo redakcj\u0105 kierowa\u0107 b\u0119dzie Jolanta Jaworska, dotychczasowy zast\u0119pca.","protected":false},"author":1,"featured_media":0,"comment_status":"open","ping_status":"closed","sticky":false,"template":"","format":"standard","meta":{"csco_display_header_overlay":false,"csco_singular_sidebar":"","csco_page_header_type":"","csco_page_load_nextpost":"","csco_post_video_location":[],"csco_post_video_location_hash":"","csco_post_video_url":"","csco_post_video_bg_start_time":0,"csco_post_video_bg_end_time":0,"footnotes":""},"categories":[9670],"tags":[],"class_list":{"0":"post-81377","1":"post","2":"type-post","3":"status-publish","4":"format-standard","6":"category-tv","7":"cs-entry","8":"cs-video-wrap"},"_links":{"self":[{"href":"https:\/\/mediarun.com\/pl\/wp-json\/wp\/v2\/posts\/81377","targetHints":{"allow":["GET"]}}],"collection":[{"href":"https:\/\/mediarun.com\/pl\/wp-json\/wp\/v2\/posts"}],"about":[{"href":"https:\/\/mediarun.com\/pl\/wp-json\/wp\/v2\/types\/post"}],"author":[{"embeddable":true,"href":"https:\/\/mediarun.com\/pl\/wp-json\/wp\/v2\/users\/1"}],"replies":[{"embeddable":true,"href":"https:\/\/mediarun.com\/pl\/wp-json\/wp\/v2\/comments?post=81377"}],"version-history":[{"count":0,"href":"https:\/\/mediarun.com\/pl\/wp-json\/wp\/v2\/posts\/81377\/revisions"}],"wp:attachment":[{"href":"https:\/\/mediarun.com\/pl\/wp-json\/wp\/v2\/media?parent=81377"}],"wp:term":[{"taxonomy":"category","embeddable":true,"href":"https:\/\/mediarun.com\/pl\/wp-json\/wp\/v2\/categories?post=81377"},{"taxonomy":"post_tag","embeddable":true,"href":"https:\/\/mediarun.com\/pl\/wp-json\/wp\/v2\/tags?post=81377"}],"curies":[{"name":"wp","href":"https:\/\/api.w.org\/{rel}","templated":true}]}}