{"id":81362,"date":"2006-02-01T04:08:33","date_gmt":"2006-02-01T03:08:33","guid":{"rendered":"https:\/\/mediarun.com\/index.php\/news-posts\/wdechy-2005-rozdane\/"},"modified":"2006-02-01T04:08:33","modified_gmt":"2006-02-01T03:08:33","slug":"wdechy-2005-rozdane","status":"publish","type":"post","link":"https:\/\/mediarun.com\/pl\/media\/prasa\/wdechy-2005-rozdane.html","title":{"rendered":"&#8222;Wdechy 2005&#8221; rozdane"},"content":{"rendered":"<p>Czytelnicy sto\u0142ecznej &#8222;Gazety Co Jest Grane&#8221; &#8211; pi\u0105tkowego dodatku do &#8222;Gazety Wyborczej&#8221; te\u017c wybrali swoich faworyt\u00f3w &#8211; Cz\u0142owiekiem Roku 2005 Publiczno\u015bci zosta\u0142a Krystyna Janda, Miejscem Roku Publiczno\u015bci &#8211; Sk\u0142ad Butelek, a Wydarzeniem Roku 2005 &#8211; Festiwal Filmy \u015awiata &#8211; Ale Kino!. Nagrody zosta\u0142y rozdane podczas sobotniego fina\u0142u, kt\u00f3ry mia\u0142 miejsce w Klubie Le Madame. <\/p>\n<p>Tegoroczne &#8222;Wdechy&#8221; by\u0142y drug\u0105 edycj\u0105 konkursu organizowanego przez &#8222;Gazet\u0119 Co Jest Grane&#8221; &#8211; pi\u0105tkowy dodatek do &#8222;Gazety Wyborczej&#8221; w nak\u0142adzie sto\u0142ecznym.  Jury konkursu, kt\u00f3rego cz\u0142onkami s\u0105 dziennikarze Sto\u0142ecznej Redakcji &#8222;Gazety Wyborczej&#8221;, zg\u0142osi\u0142o nast\u0119puj\u0105ce nominacje do nagrody &#8222;Wdechy 2005&#8221;: Maria Peszek, Jaros\u0142aw Gu\u0142a, Krystyna Janda, Pawe\u0142 Althamer i Grzegorz Jarzyna (w kategorii Cz\u0142owiek Roku), klub Pruderia, Teatr Polonia, knajpa Sk\u0142ad Butelek, Muzeum Powstania Warszawskiego, kino Muran\u00f3w (w kategorii Miejsce Roku) oraz Festiwal Filmy \u015awiata &#8211; Ale Kino!, Projekt &#8222;Broniewski&#8221;, Klata Fest, Warsaw Summer Jazz Days, Otwarcie Teatru Polonia (w kategorii Wydarzenie Roku 2005).<\/p>\n<p>Wyr\u00f3\u017cnieni przez jury i publiczno\u015b\u0107 zwyci\u0119zcy plebiscytu odebrali w sobot\u0119 nagrody &#8211; deski surfingowe z nadrukowanymi komiksami autorstwa Przemka Tru\u015bci\u0144skiego. <\/p>\n<p>Wyniki zosta\u0142y opublikowane we wczorajszym wydaniu sto\u0142ecznym &#8222;Gazety Wyborczej&#8221;.<\/p>\n","protected":false},"excerpt":{"rendered":"Jury plebiscytu &#8222;Wdechy 2005&#8221; w sobot\u0119 28 stycznia 2006 og\u0142osi\u0142o zwyci\u0119zc\u00f3w drugiej edycji konkursu. Cz\u0142owiekiem Roku 2005 zosta\u0142a Maria Peszek, Miejscem Roku 2005 &#8211;  Muzeum Powstania Warszawskiego, a Wydarzeniem Roku 2005 &#8211; otwarcie Teatru Polonia.","protected":false},"author":1,"featured_media":81363,"comment_status":"open","ping_status":"closed","sticky":false,"template":"","format":"standard","meta":{"csco_display_header_overlay":false,"csco_singular_sidebar":"","csco_page_header_type":"","csco_page_load_nextpost":"","csco_post_video_location":[],"csco_post_video_location_hash":"","csco_post_video_url":"","csco_post_video_bg_start_time":0,"csco_post_video_bg_end_time":0,"footnotes":""},"categories":[9673],"tags":[],"class_list":{"0":"post-81362","1":"post","2":"type-post","3":"status-publish","4":"format-standard","5":"has-post-thumbnail","7":"category-prasa","8":"cs-entry","9":"cs-video-wrap"},"_links":{"self":[{"href":"https:\/\/mediarun.com\/pl\/wp-json\/wp\/v2\/posts\/81362","targetHints":{"allow":["GET"]}}],"collection":[{"href":"https:\/\/mediarun.com\/pl\/wp-json\/wp\/v2\/posts"}],"about":[{"href":"https:\/\/mediarun.com\/pl\/wp-json\/wp\/v2\/types\/post"}],"author":[{"embeddable":true,"href":"https:\/\/mediarun.com\/pl\/wp-json\/wp\/v2\/users\/1"}],"replies":[{"embeddable":true,"href":"https:\/\/mediarun.com\/pl\/wp-json\/wp\/v2\/comments?post=81362"}],"version-history":[{"count":0,"href":"https:\/\/mediarun.com\/pl\/wp-json\/wp\/v2\/posts\/81362\/revisions"}],"wp:featuredmedia":[{"embeddable":true,"href":"https:\/\/mediarun.com\/pl\/wp-json\/wp\/v2\/media\/81363"}],"wp:attachment":[{"href":"https:\/\/mediarun.com\/pl\/wp-json\/wp\/v2\/media?parent=81362"}],"wp:term":[{"taxonomy":"category","embeddable":true,"href":"https:\/\/mediarun.com\/pl\/wp-json\/wp\/v2\/categories?post=81362"},{"taxonomy":"post_tag","embeddable":true,"href":"https:\/\/mediarun.com\/pl\/wp-json\/wp\/v2\/tags?post=81362"}],"curies":[{"name":"wp","href":"https:\/\/api.w.org\/{rel}","templated":true}]}}