{"id":81358,"date":"2006-02-01T05:18:01","date_gmt":"2006-02-01T04:18:01","guid":{"rendered":"https:\/\/mediarun.com\/index.php\/news-posts\/nowy-dziennik-axel-springer-juz-w-marcu\/"},"modified":"2006-02-01T05:18:01","modified_gmt":"2006-02-01T04:18:01","slug":"nowy-dziennik-axel-springer-juz-w-marcu","status":"publish","type":"post","link":"https:\/\/mediarun.com\/pl\/media\/prasa\/nowy-dziennik-axel-springer-juz-w-marcu.html","title":{"rendered":"Nowy dziennik Axel Springer ju\u017c w marcu"},"content":{"rendered":"<p>&#8211; Sprawdzamy szanse rynkowe na jeszcze jedn\u0105 gazet\u0119 codzienn\u0105 &#8211; powiedzia\u0142 na \u0142amach &#8222;FTD&#8221; Andreas Wiele, cz\u0142onek zarz\u0105du niemieckiego wydawnictwa. Wed\u0142ug niego jest jeszcze miejsce na kolejny tytu\u0142 prasowy w segmencie powy\u017cej pism bulwarowych. Nad nowym dziennikiem pracuje ju\u017c w Warszawie 200 os\u00f3b pod kierownictwem Roberta Krasowskiego. Axel Springer nie chce zdradza\u0107 \u017cadnych szczeg\u00f3\u0142\u00f3w na temat projektu. Nazwa i nak\u0142ad trzymane s\u0105 w \u015bcis\u0142ej tajemnicy, a ostateczna decyzja w sprawie uruchomienia dziennika &#8211; jeszcze nie zapad\u0142a. <\/p>\n<p>Lider polskiego rynku prasowego &#8211; tabloid &#8222;Fakt&#8221; w ostatnich miesi\u0119cach jest cz\u0119sto krytykowany za rzekome sprzyjanie prawicowemu rz\u0105dowi. Nowy tytu\u0142 wykorzysta obecn\u0105 koniunktur\u0119 polityczn\u0105 &#8211; i te\u017c postawi na konserwatywn\u0105 lini\u0119. Nieoficjalnie m\u00f3wi si\u0119, \u017ce nowa gazeta codzienna b\u0119dzie odpowiednikiem niemieckiego &#8222;Die Welt&#8221; &#8211; w kompaktowej wersji zbli\u017conej do tabloid\u00f3w. Komu wi\u0119c mo\u017ce zaszkodzi\u0107 najbardziej? &#8222;Gazecie Wyborczej&#8221;, &#8222;Rzeczpospolitej&#8221;, &#8222;Nowemu Dniowi&#8221;, czy &#8222;Super Expressowi&#8221;?<\/p>\n<p>Na polskim rynku gazet codziennych nie ma poza &#8222;Naszym Dziennikiem&#8221; typowo prorz\u0105dowego tytu\u0142u. Par\u0119 lat temu &#8211; za prawicow\u0105 postrzegano &#8222;Rzeczpospolit\u0105&#8221;. Po obj\u0119ciu stanowiska redaktora naczelnego przez Grzegorza Gaudena &#8211; jej linia polityczna wyra\u017anie uleg\u0142a zmianie. Wed\u0142ug Andreasa Wiele, nowy tytu\u0142 nie b\u0119dzie konkurencj\u0105 dla &#8222;Gazety Wyborczej&#8221;. Dziennik Agory mo\u017ce obroni\u0107 si\u0119 przed niemieckim konkurentem &#8211; staj\u0105c si\u0119 bardziej lewicowym. W konsekwencji mo\u017ce to zaszkodzi\u0107 &#8222;Trybunie&#8221;. <\/p>\n<p>Axel Springer szuka nowych mo\u017cliwo\u015bci inwestowania po nieudanej pr\u00f3bie kupna koncernu telewizyjnego ProSiebenSat.1. Na transakcj\u0119 zgody nie wyrazi\u0142 niemiecki urz\u0105d antymonopolowy w obawie przed zbyt du\u017cym wp\u0142ywem wydawnictwa na opini\u0119 publiczn\u0105. <\/p>\n","protected":false},"excerpt":{"rendered":"W marcu, a najp\u00f3\u017aniej w kwietniu na rynku pojawi si\u0119 nowy dziennik og\u00f3lnopolski. O planach dalszej ekspansji Axel Springer na polskim rynku poinformowa\u0142 ekonomiczny dziennik &#8222;Financial Times Deutschland&#8221;. Tajemniczy projekt niemieckiego koncernu mo\u017ce zaszkodzi\u0107 &#8222;Gazecie Wyborczej&#8221; i przes\u0105dzi\u0107 o przysz\u0142o\u015bci &#8222;Nowego Dnia&#8221;. Linia polityczna nowego tytu\u0142u ma by\u0107 &#8222;bardziej konserwatywna ni\u017c liberalna&#8221;.","protected":false},"author":1,"featured_media":81359,"comment_status":"open","ping_status":"closed","sticky":false,"template":"","format":"standard","meta":{"csco_display_header_overlay":false,"csco_singular_sidebar":"","csco_page_header_type":"","csco_page_load_nextpost":"","csco_post_video_location":[],"csco_post_video_location_hash":"","csco_post_video_url":"","csco_post_video_bg_start_time":0,"csco_post_video_bg_end_time":0,"footnotes":""},"categories":[9673],"tags":[],"class_list":{"0":"post-81358","1":"post","2":"type-post","3":"status-publish","4":"format-standard","5":"has-post-thumbnail","7":"category-prasa","8":"cs-entry","9":"cs-video-wrap"},"_links":{"self":[{"href":"https:\/\/mediarun.com\/pl\/wp-json\/wp\/v2\/posts\/81358","targetHints":{"allow":["GET"]}}],"collection":[{"href":"https:\/\/mediarun.com\/pl\/wp-json\/wp\/v2\/posts"}],"about":[{"href":"https:\/\/mediarun.com\/pl\/wp-json\/wp\/v2\/types\/post"}],"author":[{"embeddable":true,"href":"https:\/\/mediarun.com\/pl\/wp-json\/wp\/v2\/users\/1"}],"replies":[{"embeddable":true,"href":"https:\/\/mediarun.com\/pl\/wp-json\/wp\/v2\/comments?post=81358"}],"version-history":[{"count":0,"href":"https:\/\/mediarun.com\/pl\/wp-json\/wp\/v2\/posts\/81358\/revisions"}],"wp:featuredmedia":[{"embeddable":true,"href":"https:\/\/mediarun.com\/pl\/wp-json\/wp\/v2\/media\/81359"}],"wp:attachment":[{"href":"https:\/\/mediarun.com\/pl\/wp-json\/wp\/v2\/media?parent=81358"}],"wp:term":[{"taxonomy":"category","embeddable":true,"href":"https:\/\/mediarun.com\/pl\/wp-json\/wp\/v2\/categories?post=81358"},{"taxonomy":"post_tag","embeddable":true,"href":"https:\/\/mediarun.com\/pl\/wp-json\/wp\/v2\/tags?post=81358"}],"curies":[{"name":"wp","href":"https:\/\/api.w.org\/{rel}","templated":true}]}}