{"id":81356,"date":"2006-02-01T05:51:14","date_gmt":"2006-02-01T04:51:14","guid":{"rendered":"https:\/\/mediarun.com\/index.php\/news-posts\/krrit-w-komplecie\/"},"modified":"2006-02-01T05:51:14","modified_gmt":"2006-02-01T04:51:14","slug":"krrit-w-komplecie","status":"publish","type":"post","link":"https:\/\/mediarun.com\/pl\/media\/tv\/krrit-w-komplecie.html","title":{"rendered":"KRRiT w komplecie"},"content":{"rendered":"<p>Na now\u0105 przewodnicz\u0105c\u0105 typowana jest El\u017cbieta Ma\u0142gorzata Kruk. Urodzona w 1959 r. w Lublinie &#8211; jest absolwentk\u0105 Wydzia\u0142u Humanistycznego KUL. W jesiennych wyborach parlamentarnych dosta\u0142a si\u0119 do Sejmu z listy Prawa i Sprawiedliwo\u015bci. Jest cz\u0142onkiem komisji ds. s\u0142u\u017cb specjalnych. <\/p>\n<p>Cz\u0142onkiem KRRiT zosta\u0142 te\u017c Wojciech Dziomdziora, prawnik i d\u0142ugoletni naczelny &#8222;Tygodnika Solidarno\u015b\u0107&#8221;, a tak\u017ce Dyrektor Departamentu Prawno-Legislacyjnego w Ministerstwie Kultury. <\/p>\n<p>W sk\u0142ad KRRiT wchodzi\u0107 b\u0119d\u0105 tak\u017ce popierani przez Samoobron\u0119 i LPR &#8211; Tomasz Borysiuk, oraz Lech Haydukiewicz, a tak\u017ce wybrany przez Senat &#8211; Witold Ko\u0142odziejski. <\/p>\n<p>Nadawcy narzekali na brak cz\u0142onk\u00f3w KRRiT. Nie mieli do kogo kierowa\u0107 swoich wniosk\u00f3w koncesyjnych. Z tego powodu op\u00f3\u017aniono mi. in. start Superstacji i TV Nieruchomo\u015bci. SLD zapowiedzia\u0142o zaskar\u017cenie ustawy medialnej do Trybuna\u0142u Sprawiedliwo\u015bci. Wcze\u015bniej zrobi\u0142 to by\u0142y ju\u017c Rzecznik Praw Obywatelskich &#8211; Andrzej Zoll. Cz\u0142onkowie dawnej KRRiT wraz z b. Przewodnicz\u0105c\u0105 Danut\u0105 Waniek zapowiadaj\u0105 ubieganie si\u0119 o odszkodowania drog\u0105 s\u0105dow\u0105 &#8211; za przedwczesne wyga\u015bni\u0119cie ich mandat\u00f3w. <\/p>\n","protected":false},"excerpt":{"rendered":"31 stycznia prezydent Lech Kaczy\u0144ski powo\u0142a\u0142 w sk\u0142ad Krajowej Rady Radiofonii i Telewizji El\u017cbiet\u0119 Kruk i Wojciecha Dziomdzior\u0119. Nowa Rada z\u0142o\u017cona z pi\u0119ciu os\u00f3b &#8211; jest w komplecie. To dobra wiadomo\u015b\u0107 dla nadawc\u00f3w oczekuj\u0105cych na koncesje. Byli cz\u0142onkowie KRRiT czekaj\u0105 na decyzj\u0119 Trybuna\u0142u Konstytucyjnego.","protected":false},"author":1,"featured_media":81357,"comment_status":"open","ping_status":"closed","sticky":false,"template":"","format":"standard","meta":{"csco_display_header_overlay":false,"csco_singular_sidebar":"","csco_page_header_type":"","csco_page_load_nextpost":"","csco_post_video_location":[],"csco_post_video_location_hash":"","csco_post_video_url":"","csco_post_video_bg_start_time":0,"csco_post_video_bg_end_time":0,"footnotes":""},"categories":[9670],"tags":[],"class_list":{"0":"post-81356","1":"post","2":"type-post","3":"status-publish","4":"format-standard","5":"has-post-thumbnail","7":"category-tv","8":"cs-entry","9":"cs-video-wrap"},"_links":{"self":[{"href":"https:\/\/mediarun.com\/pl\/wp-json\/wp\/v2\/posts\/81356","targetHints":{"allow":["GET"]}}],"collection":[{"href":"https:\/\/mediarun.com\/pl\/wp-json\/wp\/v2\/posts"}],"about":[{"href":"https:\/\/mediarun.com\/pl\/wp-json\/wp\/v2\/types\/post"}],"author":[{"embeddable":true,"href":"https:\/\/mediarun.com\/pl\/wp-json\/wp\/v2\/users\/1"}],"replies":[{"embeddable":true,"href":"https:\/\/mediarun.com\/pl\/wp-json\/wp\/v2\/comments?post=81356"}],"version-history":[{"count":0,"href":"https:\/\/mediarun.com\/pl\/wp-json\/wp\/v2\/posts\/81356\/revisions"}],"wp:featuredmedia":[{"embeddable":true,"href":"https:\/\/mediarun.com\/pl\/wp-json\/wp\/v2\/media\/81357"}],"wp:attachment":[{"href":"https:\/\/mediarun.com\/pl\/wp-json\/wp\/v2\/media?parent=81356"}],"wp:term":[{"taxonomy":"category","embeddable":true,"href":"https:\/\/mediarun.com\/pl\/wp-json\/wp\/v2\/categories?post=81356"},{"taxonomy":"post_tag","embeddable":true,"href":"https:\/\/mediarun.com\/pl\/wp-json\/wp\/v2\/tags?post=81356"}],"curies":[{"name":"wp","href":"https:\/\/api.w.org\/{rel}","templated":true}]}}