{"id":81328,"date":"2006-02-01T06:00:00","date_gmt":"2006-02-01T05:00:00","guid":{"rendered":"https:\/\/mediarun.com\/index.php\/news-posts\/nowy-dziennik-oficjalnie-potwierdzony-2\/"},"modified":"2006-02-01T06:00:00","modified_gmt":"2006-02-01T05:00:00","slug":"nowy-dziennik-oficjalnie-potwierdzony-2","status":"publish","type":"post","link":"https:\/\/mediarun.com\/pl\/media\/prasa\/nowy-dziennik-oficjalnie-potwierdzony-2.html","title":{"rendered":"Nowy dziennik oficjalnie potwierdzony"},"content":{"rendered":"<p><P>&#8211; Badamy szanse rynkowe kolejnej gazety codziennej &#8211; powiedzia\u0142 dla &#8222;FTD&#8221; przedstawiciel zarz\u0105du wydawnictwa Andreas Wiele. Jego zdaniem wydawany przez Springera tabloid Fakt pokazuje, \u017ce na rynku gazet w Polsce istnieje mo\u017cliwo\u015b\u0107 ekspansji. &#8211; Uwa\u017camy, \u017ce istnieje taka mo\u017cliwo\u015b\u0107 r\u00f3wnie\u017c w segmencie powy\u017cej rynku gazet bulwarowych &#8211; powiedzia\u0142 Wiele.<\/P><br \/>\n<P>Doda\u0142, \u017ce taki dziennik powinien przede wszystkim nie\u015b\u0107 tre\u015bci gospodarcze. Jego zdaniem taki dziennik &#8211; o kr\u00f3tkich, ale bardzo powa\u017cnie redagowanych tre\u015bciach dobrze odnajdzie si\u0119 na rynku i sprzeda si\u0119 w nak\u0142adzie ok. 100-150 tys. egzemplarzy.<\/P><br \/>\n<P>Nowy tytu\u0142 przygotowuje obecnie zesp\u00f3\u0142 redakcyjny w Warszawie. Zesp\u00f3\u0142 sk\u0142ada si\u0119 z prawie 200 dziennikarzy. Tytu\u0142 i nak\u0142ad utrzymywane s\u0105 w tajemnicy. &#8211; Przyj\u0119li\u015bmy tak\u0105 strategi\u0119, \u017ce do czasu ukazania si\u0119 dziennika nie informujemy o \u017cadnych szczeg\u00f3\u0142ach &#8211; powiedzia\u0142 PAP rzecznik zarz\u0105du Axel Springer Polska Micha\u0142 Fijo\u0142.<\/P><\/p>\n","protected":false},"excerpt":{"rendered":"Axel Springer po raz pierwszy oficjalnie potwierdzi\u0142 informacj\u0119 o tym, \u017ce zamierza uruchomi\u0107 w Polsce nowy dziennik. Zarz\u0105d wydawnictwa poinformowa\u0142 o tym Financial Times Deutschland.","protected":false},"author":1,"featured_media":81329,"comment_status":"open","ping_status":"closed","sticky":false,"template":"","format":"standard","meta":{"csco_display_header_overlay":false,"csco_singular_sidebar":"","csco_page_header_type":"","csco_page_load_nextpost":"","csco_post_video_location":[],"csco_post_video_location_hash":"","csco_post_video_url":"","csco_post_video_bg_start_time":0,"csco_post_video_bg_end_time":0,"footnotes":""},"categories":[9673],"tags":[],"class_list":{"0":"post-81328","1":"post","2":"type-post","3":"status-publish","4":"format-standard","5":"has-post-thumbnail","7":"category-prasa","8":"cs-entry","9":"cs-video-wrap"},"_links":{"self":[{"href":"https:\/\/mediarun.com\/pl\/wp-json\/wp\/v2\/posts\/81328","targetHints":{"allow":["GET"]}}],"collection":[{"href":"https:\/\/mediarun.com\/pl\/wp-json\/wp\/v2\/posts"}],"about":[{"href":"https:\/\/mediarun.com\/pl\/wp-json\/wp\/v2\/types\/post"}],"author":[{"embeddable":true,"href":"https:\/\/mediarun.com\/pl\/wp-json\/wp\/v2\/users\/1"}],"replies":[{"embeddable":true,"href":"https:\/\/mediarun.com\/pl\/wp-json\/wp\/v2\/comments?post=81328"}],"version-history":[{"count":0,"href":"https:\/\/mediarun.com\/pl\/wp-json\/wp\/v2\/posts\/81328\/revisions"}],"wp:featuredmedia":[{"embeddable":true,"href":"https:\/\/mediarun.com\/pl\/wp-json\/wp\/v2\/media\/81329"}],"wp:attachment":[{"href":"https:\/\/mediarun.com\/pl\/wp-json\/wp\/v2\/media?parent=81328"}],"wp:term":[{"taxonomy":"category","embeddable":true,"href":"https:\/\/mediarun.com\/pl\/wp-json\/wp\/v2\/categories?post=81328"},{"taxonomy":"post_tag","embeddable":true,"href":"https:\/\/mediarun.com\/pl\/wp-json\/wp\/v2\/tags?post=81328"}],"curies":[{"name":"wp","href":"https:\/\/api.w.org\/{rel}","templated":true}]}}