{"id":81321,"date":"2006-02-01T08:41:15","date_gmt":"2006-02-01T07:41:15","guid":{"rendered":"https:\/\/mediarun.com\/index.php\/news-posts\/nowe-twarze-panoramy\/"},"modified":"2006-02-01T08:41:15","modified_gmt":"2006-02-01T07:41:15","slug":"nowe-twarze-panoramy","status":"publish","type":"post","link":"https:\/\/mediarun.com\/pl\/media\/tv\/nowe-twarze-panoramy.html","title":{"rendered":"Nowe twarze &#8222;Panoramy&#8221;"},"content":{"rendered":"<p>Marcin Le\u015bkiewicz zaczyna od wydawania g\u0142\u00f3wnego wydania &#8222;Panoramy&#8221; o godzinie 22. &#8211; Przez najbli\u017cszy czas b\u0119d\u0119 si\u0119 wdra\u017ca\u0107 w tamtejszy czy ju\u017c raczej tutejszy system pracy. Na antenie w roli prowadz\u0105cego pojawi\u0119 si\u0119 za kilka tygodni. Zaczynam prac\u0119 w nowym miejscu z wielk\u0105 ochot\u0105 i zainteresowaniem &#8211; m\u00f3wi nam dziennikarz. &#8211; &#8222;Panorama&#8221; naprawd\u0119 ma du\u017c\u0105 szans\u0119 sta\u0107 si\u0119 bardzo wa\u017cnym programem informacyjnym umiej\u0105cym spojrze\u0107 na rzeczywisto\u015b\u0107 inaczej, nie ciasno i sztampowo, ale w\u0142a\u015bnie panoramicznie &#8211; uwa\u017ca.<\/p>\n<p>Wkr\u00f3tce prac\u0119 w redakcji &#8222;Panoramy&#8221; rozpocznie Iwona Kutyna. Dziennikarka t\u0142umaczy\u0142a nam niedawno, \u017ce &#8222;Panorama&#8221; to nowe, powa\u017cne dla niej wyzwanie. &#8211; Wiele rzeczy wymaga poprawek, zmian. Chc\u0119 w tych zmianach uczestniczy\u0107. Poza tym licz\u0119 na to, \u017ce w\u0142a\u015bnie w &#8222;Panoramie&#8221; b\u0119d\u0119 mia\u0142a okazj\u0119 dalej si\u0119 rozwija\u0107 &#8211; dodawa\u0142a.<\/p>\n","protected":false},"excerpt":{"rendered":"Iwona Kutyna i Marcin Le\u015bkiewicz to dwie nowe twarze &#8222;Panoramy&#8221;, programu informacyjnego telewizyjnej Dw\u00f3jki. Le\u015bkiewicz prac\u0119 w serwisie rozpocz\u0105\u0142 z pocz\u0105tkiem lutego. Nie wiadomo na razie, kiedy Kutyna pojawi si\u0119 w &#8222;Panoramie&#8221;..","protected":false},"author":1,"featured_media":0,"comment_status":"open","ping_status":"closed","sticky":false,"template":"","format":"standard","meta":{"csco_display_header_overlay":false,"csco_singular_sidebar":"","csco_page_header_type":"","csco_page_load_nextpost":"","csco_post_video_location":[],"csco_post_video_location_hash":"","csco_post_video_url":"","csco_post_video_bg_start_time":0,"csco_post_video_bg_end_time":0,"footnotes":""},"categories":[9670],"tags":[],"class_list":{"0":"post-81321","1":"post","2":"type-post","3":"status-publish","4":"format-standard","6":"category-tv","7":"cs-entry","8":"cs-video-wrap"},"_links":{"self":[{"href":"https:\/\/mediarun.com\/pl\/wp-json\/wp\/v2\/posts\/81321","targetHints":{"allow":["GET"]}}],"collection":[{"href":"https:\/\/mediarun.com\/pl\/wp-json\/wp\/v2\/posts"}],"about":[{"href":"https:\/\/mediarun.com\/pl\/wp-json\/wp\/v2\/types\/post"}],"author":[{"embeddable":true,"href":"https:\/\/mediarun.com\/pl\/wp-json\/wp\/v2\/users\/1"}],"replies":[{"embeddable":true,"href":"https:\/\/mediarun.com\/pl\/wp-json\/wp\/v2\/comments?post=81321"}],"version-history":[{"count":0,"href":"https:\/\/mediarun.com\/pl\/wp-json\/wp\/v2\/posts\/81321\/revisions"}],"wp:attachment":[{"href":"https:\/\/mediarun.com\/pl\/wp-json\/wp\/v2\/media?parent=81321"}],"wp:term":[{"taxonomy":"category","embeddable":true,"href":"https:\/\/mediarun.com\/pl\/wp-json\/wp\/v2\/categories?post=81321"},{"taxonomy":"post_tag","embeddable":true,"href":"https:\/\/mediarun.com\/pl\/wp-json\/wp\/v2\/tags?post=81321"}],"curies":[{"name":"wp","href":"https:\/\/api.w.org\/{rel}","templated":true}]}}