{"id":81318,"date":"2006-02-01T13:38:01","date_gmt":"2006-02-01T12:38:01","guid":{"rendered":"https:\/\/mediarun.com\/index.php\/news-posts\/zmiana-w-viva-polska\/"},"modified":"2006-02-01T13:38:01","modified_gmt":"2006-02-01T12:38:01","slug":"zmiana-w-viva-polska","status":"publish","type":"post","link":"https:\/\/mediarun.com\/pl\/media\/tv\/zmiana-w-viva-polska.html","title":{"rendered":"Zmiana w Viva Polska"},"content":{"rendered":"<p>Agnieszka Kubiak pracowa\u0142a wcze\u015bniej w Vivie jako producentka program\u00f3w. Wcze\u015bniej zwi\u0105zana by\u0142a z TVP, gdzie pracowa\u0142a przy programie &#8222;Jazda Kulturalna&#8221;. Pe\u0142ni\u0142a r\u00f3wnie\u017c funkcj\u0119 koordynatora ds. programowych iTVP.<\/p>\n","protected":false},"excerpt":{"rendered":"Od 1 lutego redaktorem naczelnym telewizji muzycznej Viva Polska jest Agnieszka Kubiak, kt\u00f3ra zast\u0105pi\u0142a na tym stanowisku Artura Niedba\u0142e. &#8211; Niedba\u0142a podj\u0105\u0142 si\u0119 nowych wyzwa\u0144 zawodowych r\u00f3wnie\u017c w muzycznej bran\u017cy, jednak nie jest to praca redakcyjna &#8211; wyja\u015bnia nam Hanna Krawczy\u0144ska z dzia\u0142u PR Vivy.","protected":false},"author":1,"featured_media":0,"comment_status":"open","ping_status":"closed","sticky":false,"template":"","format":"standard","meta":{"csco_display_header_overlay":false,"csco_singular_sidebar":"","csco_page_header_type":"","csco_page_load_nextpost":"","csco_post_video_location":[],"csco_post_video_location_hash":"","csco_post_video_url":"","csco_post_video_bg_start_time":0,"csco_post_video_bg_end_time":0,"footnotes":""},"categories":[9670],"tags":[],"class_list":{"0":"post-81318","1":"post","2":"type-post","3":"status-publish","4":"format-standard","6":"category-tv","7":"cs-entry","8":"cs-video-wrap"},"_links":{"self":[{"href":"https:\/\/mediarun.com\/pl\/wp-json\/wp\/v2\/posts\/81318","targetHints":{"allow":["GET"]}}],"collection":[{"href":"https:\/\/mediarun.com\/pl\/wp-json\/wp\/v2\/posts"}],"about":[{"href":"https:\/\/mediarun.com\/pl\/wp-json\/wp\/v2\/types\/post"}],"author":[{"embeddable":true,"href":"https:\/\/mediarun.com\/pl\/wp-json\/wp\/v2\/users\/1"}],"replies":[{"embeddable":true,"href":"https:\/\/mediarun.com\/pl\/wp-json\/wp\/v2\/comments?post=81318"}],"version-history":[{"count":0,"href":"https:\/\/mediarun.com\/pl\/wp-json\/wp\/v2\/posts\/81318\/revisions"}],"wp:attachment":[{"href":"https:\/\/mediarun.com\/pl\/wp-json\/wp\/v2\/media?parent=81318"}],"wp:term":[{"taxonomy":"category","embeddable":true,"href":"https:\/\/mediarun.com\/pl\/wp-json\/wp\/v2\/categories?post=81318"},{"taxonomy":"post_tag","embeddable":true,"href":"https:\/\/mediarun.com\/pl\/wp-json\/wp\/v2\/tags?post=81318"}],"curies":[{"name":"wp","href":"https:\/\/api.w.org\/{rel}","templated":true}]}}