{"id":81311,"date":"2006-02-01T19:12:03","date_gmt":"2006-02-01T18:12:03","guid":{"rendered":"https:\/\/mediarun.com\/index.php\/news-posts\/nominowani-do-nagrody-slad\/"},"modified":"2006-02-01T19:12:03","modified_gmt":"2006-02-01T18:12:03","slug":"nominowani-do-nagrody-slad","status":"publish","type":"post","link":"https:\/\/mediarun.com\/pl\/media\/prasa\/nominowani-do-nagrody-slad.html","title":{"rendered":"Nominowani do nagrody &#8222;\u015alad&#8221;"},"content":{"rendered":"<p>Ide\u0105 nagrody jest promowanie dziennikarzy, kt\u00f3rzy staraj\u0105 si\u0119 s\u0142u\u017cy\u0107 warto\u015bciom ponadczasowym: prawdzie, dobru, pi\u0119knu.<\/p>\n<p>Wr\u0119czenie nagrody odb\u0119dzie si\u0119 4 lutego w rezydencji Prymasa Polski.<\/p>\n","protected":false},"excerpt":{"rendered":"Ks. Marek Gancarczyk z &#8222;Go\u015bcia Niedzielnego&#8221;, Szymon Ho\u0142ownia z &#8222;Rzeczpospolitej&#8221; i Radia Vox FM oraz Marek Zaj\u0105c z &#8222;Tygodnika Powszechnego&#8221; zostali nominowani przez kapitu\u0142\u0119 do nagrody dziennikarskiej &#8222;\u015alad&#8221; im. bp. Jana Chrapka.","protected":false},"author":1,"featured_media":0,"comment_status":"open","ping_status":"closed","sticky":false,"template":"","format":"standard","meta":{"csco_display_header_overlay":false,"csco_singular_sidebar":"","csco_page_header_type":"","csco_page_load_nextpost":"","csco_post_video_location":[],"csco_post_video_location_hash":"","csco_post_video_url":"","csco_post_video_bg_start_time":0,"csco_post_video_bg_end_time":0,"footnotes":""},"categories":[9673],"tags":[],"class_list":{"0":"post-81311","1":"post","2":"type-post","3":"status-publish","4":"format-standard","6":"category-prasa","7":"cs-entry","8":"cs-video-wrap"},"_links":{"self":[{"href":"https:\/\/mediarun.com\/pl\/wp-json\/wp\/v2\/posts\/81311","targetHints":{"allow":["GET"]}}],"collection":[{"href":"https:\/\/mediarun.com\/pl\/wp-json\/wp\/v2\/posts"}],"about":[{"href":"https:\/\/mediarun.com\/pl\/wp-json\/wp\/v2\/types\/post"}],"author":[{"embeddable":true,"href":"https:\/\/mediarun.com\/pl\/wp-json\/wp\/v2\/users\/1"}],"replies":[{"embeddable":true,"href":"https:\/\/mediarun.com\/pl\/wp-json\/wp\/v2\/comments?post=81311"}],"version-history":[{"count":0,"href":"https:\/\/mediarun.com\/pl\/wp-json\/wp\/v2\/posts\/81311\/revisions"}],"wp:attachment":[{"href":"https:\/\/mediarun.com\/pl\/wp-json\/wp\/v2\/media?parent=81311"}],"wp:term":[{"taxonomy":"category","embeddable":true,"href":"https:\/\/mediarun.com\/pl\/wp-json\/wp\/v2\/categories?post=81311"},{"taxonomy":"post_tag","embeddable":true,"href":"https:\/\/mediarun.com\/pl\/wp-json\/wp\/v2\/tags?post=81311"}],"curies":[{"name":"wp","href":"https:\/\/api.w.org\/{rel}","templated":true}]}}