{"id":81310,"date":"2006-02-01T21:42:48","date_gmt":"2006-02-01T20:42:48","guid":{"rendered":"https:\/\/mediarun.com\/index.php\/news-posts\/nowy-prezes-polkomtela\/"},"modified":"2006-02-01T21:42:48","modified_gmt":"2006-02-01T20:42:48","slug":"nowy-prezes-polkomtela","status":"publish","type":"post","link":"https:\/\/mediarun.com\/pl\/media\/prasa\/nowy-prezes-polkomtela.html","title":{"rendered":"Nowy prezes Polkomtela"},"content":{"rendered":"<p>Podczas posiedzenia Rady Nadzorczej Polkomtel SA przedstawiono i przes\u0142uchano kandydat\u00f3w rekomendowanych przez Komitet RN ds. Wyboru Prezesa Zarz\u0105du. Po naradach, na stanowisko prezesa zarz\u0105du sp\u00f3\u0142ki powo\u0142ano jednomy\u015ble Jaros\u0142awa Bauca. Jego poprzednik, Jaros\u0142aw Pachowski, zrezygnowa\u0142 z funkcji prezesa i nie pe\u0142ni\u0142 jego obowi\u0105zk\u00f3w ju\u017c od 2 stycznia, jednak wtedy Rada Nadzorcza powierzy\u0142a tymczasowo pe\u0142nienie obowi\u0105zk\u00f3w prezesa dotychczasowemu wiceprezesowi zarz\u0105du Miros\u0142awowi Bielickiemu.<\/p>\n<p>Jaros\u0142aw Bauc urodzi\u0142 si\u0119 w 1957 r. Jest doktorem nauk ekonomicznych. Uko\u0144czy\u0142 Uniwersytet \u0141\u00f3dzki i University of Windsor w Ontario.<\/p>\n","protected":false},"excerpt":{"rendered":"By\u0142y prezes Towarzystwa Funduszy Inwestycyjnych &#8222;Skarbiec&#8221; oraz minister finans\u00f3w w rz\u0105dzie Jerzego Buzka &#8211; Jaros\u0142aw Bauc zosta\u0142 w \u015brod\u0119, 1 lutego, wybrany nowym prezesem firmy Polkomtel &#8211; operatora sieci Plus Gsm i Sami Swoi.","protected":false},"author":1,"featured_media":0,"comment_status":"open","ping_status":"closed","sticky":false,"template":"","format":"standard","meta":{"csco_display_header_overlay":false,"csco_singular_sidebar":"","csco_page_header_type":"","csco_page_load_nextpost":"","csco_post_video_location":[],"csco_post_video_location_hash":"","csco_post_video_url":"","csco_post_video_bg_start_time":0,"csco_post_video_bg_end_time":0,"footnotes":""},"categories":[9673],"tags":[],"class_list":{"0":"post-81310","1":"post","2":"type-post","3":"status-publish","4":"format-standard","6":"category-prasa","7":"cs-entry","8":"cs-video-wrap"},"_links":{"self":[{"href":"https:\/\/mediarun.com\/pl\/wp-json\/wp\/v2\/posts\/81310","targetHints":{"allow":["GET"]}}],"collection":[{"href":"https:\/\/mediarun.com\/pl\/wp-json\/wp\/v2\/posts"}],"about":[{"href":"https:\/\/mediarun.com\/pl\/wp-json\/wp\/v2\/types\/post"}],"author":[{"embeddable":true,"href":"https:\/\/mediarun.com\/pl\/wp-json\/wp\/v2\/users\/1"}],"replies":[{"embeddable":true,"href":"https:\/\/mediarun.com\/pl\/wp-json\/wp\/v2\/comments?post=81310"}],"version-history":[{"count":0,"href":"https:\/\/mediarun.com\/pl\/wp-json\/wp\/v2\/posts\/81310\/revisions"}],"wp:attachment":[{"href":"https:\/\/mediarun.com\/pl\/wp-json\/wp\/v2\/media?parent=81310"}],"wp:term":[{"taxonomy":"category","embeddable":true,"href":"https:\/\/mediarun.com\/pl\/wp-json\/wp\/v2\/categories?post=81310"},{"taxonomy":"post_tag","embeddable":true,"href":"https:\/\/mediarun.com\/pl\/wp-json\/wp\/v2\/tags?post=81310"}],"curies":[{"name":"wp","href":"https:\/\/api.w.org\/{rel}","templated":true}]}}