{"id":81281,"date":"2006-02-01T22:22:19","date_gmt":"2006-02-01T21:22:19","guid":{"rendered":"https:\/\/mediarun.com\/index.php\/news-posts\/kolegium-muzyczne-tvp\/"},"modified":"2006-02-01T22:22:19","modified_gmt":"2006-02-01T21:22:19","slug":"kolegium-muzyczne-tvp","status":"publish","type":"post","link":"https:\/\/mediarun.com\/pl\/media\/tv\/kolegium-muzyczne-tvp.html","title":{"rendered":"Kolegium Muzyczne TVP"},"content":{"rendered":"<p>Pozwoli to na lepsz\u0105 wsp\u00f3\u0142prac\u0119 mi\u0119dzyantenow\u0105 w zakresie obs\u0142ugi wydarze\u0144 i imprez o charakterze muzycznym, szczeg\u00f3lne po\u015bwi\u0119conym muzyce powa\u017cnej, kt\u00f3ra zajmuje wa\u017cne miejsce w telewizji publicznej. Dzia\u0142ania kolegium maj\u0105 te\u017c na celu usprawnienie organizacj\u0119 pracy i b\u0119dzie s\u0142u\u017cy\u0142o racjonalizowaniu koszt\u00f3w produkcji program\u00f3w. <\/p>\n<p>W sk\u0142ad Kolegium weszli: Piotr Fajks, dyrektor Biura Wsp\u00f3\u0142pracy Mi\u0119dzynarodowej i Handlu, Grzegorz Kosi\u0144ski z BWMiH, Jacek Weksler, dyrektor TVP Kultura, Piotr Radziszewski, dyrektor Biura Programowego, Ma\u0142gorzata Pietkiewicz z redakcji Widowisk Artystycznych, Publicystyki Kulturalnej, Teatru i Muzyki Powa\u017cnej Programu 2 i Jan Zawierski z Agencji Filmowej. <\/p>\n<p>Przewodnicz\u0105cym Kolegium zosta\u0142 Lech Nowicki, kierownik Redakcji Repertuaru w Programie Satelitarnym TV Polonia. <\/p>\n","protected":false},"excerpt":{"rendered":"31 stycznia Zarz\u0105d TVP powo\u0142a\u0142 Kolegium Muzyczne. Zadania kolegium b\u0119d\u0105 polega\u0142y na koordynowaniu wsp\u00f3\u0142pracy wszystkich program\u00f3w muzycznych, nadawanych na r\u00f3\u017cnych antenach telewizji publicznej.","protected":false},"author":1,"featured_media":81282,"comment_status":"open","ping_status":"closed","sticky":false,"template":"","format":"standard","meta":{"csco_display_header_overlay":false,"csco_singular_sidebar":"","csco_page_header_type":"","csco_page_load_nextpost":"","csco_post_video_location":[],"csco_post_video_location_hash":"","csco_post_video_url":"","csco_post_video_bg_start_time":0,"csco_post_video_bg_end_time":0,"footnotes":""},"categories":[9670],"tags":[],"class_list":{"0":"post-81281","1":"post","2":"type-post","3":"status-publish","4":"format-standard","5":"has-post-thumbnail","7":"category-tv","8":"cs-entry","9":"cs-video-wrap"},"_links":{"self":[{"href":"https:\/\/mediarun.com\/pl\/wp-json\/wp\/v2\/posts\/81281","targetHints":{"allow":["GET"]}}],"collection":[{"href":"https:\/\/mediarun.com\/pl\/wp-json\/wp\/v2\/posts"}],"about":[{"href":"https:\/\/mediarun.com\/pl\/wp-json\/wp\/v2\/types\/post"}],"author":[{"embeddable":true,"href":"https:\/\/mediarun.com\/pl\/wp-json\/wp\/v2\/users\/1"}],"replies":[{"embeddable":true,"href":"https:\/\/mediarun.com\/pl\/wp-json\/wp\/v2\/comments?post=81281"}],"version-history":[{"count":0,"href":"https:\/\/mediarun.com\/pl\/wp-json\/wp\/v2\/posts\/81281\/revisions"}],"wp:featuredmedia":[{"embeddable":true,"href":"https:\/\/mediarun.com\/pl\/wp-json\/wp\/v2\/media\/81282"}],"wp:attachment":[{"href":"https:\/\/mediarun.com\/pl\/wp-json\/wp\/v2\/media?parent=81281"}],"wp:term":[{"taxonomy":"category","embeddable":true,"href":"https:\/\/mediarun.com\/pl\/wp-json\/wp\/v2\/categories?post=81281"},{"taxonomy":"post_tag","embeddable":true,"href":"https:\/\/mediarun.com\/pl\/wp-json\/wp\/v2\/tags?post=81281"}],"curies":[{"name":"wp","href":"https:\/\/api.w.org\/{rel}","templated":true}]}}