{"id":81246,"date":"2006-02-02T06:00:00","date_gmt":"2006-02-02T05:00:00","guid":{"rendered":"https:\/\/mediarun.com\/index.php\/news-posts\/filmy-wszechczasow-w-gazecie-wyborczej\/"},"modified":"2006-02-02T06:00:00","modified_gmt":"2006-02-02T05:00:00","slug":"filmy-wszechczasow-w-gazecie-wyborczej","status":"publish","type":"post","link":"https:\/\/mediarun.com\/pl\/media\/prasa\/filmy-wszechczasow-w-gazecie-wyborczej.html","title":{"rendered":"Filmy wszechczas\u00f3w w Gazecie Wyborczej"},"content":{"rendered":"<p><P>Seria pojawi si\u0119 w sprzeda\u017cy z dziennikiem od lutego.<\/P><br \/>\n<P>Na kolekcj\u0119 z\u0142o\u017cy si\u0119 30 ksi\u0105\u017cek z ekskluzywnym materia\u0142em prezentuj\u0105cym tw\u00f3rc\u00f3w dzie\u0142 filmowych, ich artystyczn\u0105 drog\u0119 i osi\u0105gni\u0119cia oraz filmem na p\u0142ycie DVD. Filmow\u0105 seri\u0119 Gazety Wyborczej otworzy 9 lutego &#8222;Imi\u0119 R\u00f3\u017cy&#8221;, kt\u00f3re b\u0119dzie oferowane wraz z wydaniem specjalnym Gazety Wyborczej po\u015bwi\u0119conym ca\u0142ej filmowej kolekcji. Cena wydania specjalnego z filmem &#8222;Imi\u0119 R\u00f3\u017cy wyniesie 2,50 z\u0142 + cena dziennika. Kolejne pozycje serii b\u0119d\u0105 sprzedawane w czwartki. Cena 1 ksi\u0105\u017cki z p\u0142yt\u0105 DVD to 27 z\u0142otych plus cena Gazety Wyborczej. <\/P><br \/>\n<P>Seri\u0119 promuje kampania reklamowa, kt\u00f3ra wystartowa\u0142a z pocz\u0105tkiem lutego. Kampania obejmuje telewizj\u0119 (TVP 1, TVP 2, TVP 3, Polsat, TVN, TVN 24,&nbsp; Canal+), radio (Radio ZET, Radio TOK FM, Radio RMF FM, Polskie Radio Program I i III oraz 18 lokalnych rozg\u0142o\u015bni radiowych), outdoor (no\u015bniki AMS) oraz reklam\u0119 prasow\u0105 (Gazeta Wyborcza, Logo, Magazyn Wysokie Obroty, Poradnik domowy, Metro) i internetow\u0105 (Gadu-Gadu, Presserwis, Gazeta.pl). <\/P><br \/>\n<P>Autorem kreacji kampanii jest agencja DDB, zakupu medi\u00f3w dokona\u0142 dom mediowy Starlink.<\/P><\/p>\n","protected":false},"excerpt":{"rendered":"&quot;30 film\u00f3w wszechczas\u00f3w&quot; to kolejna kolekcja zaproponowana przez Agor\u0119 czytelnikom Gazety Wyborczej.","protected":false},"author":1,"featured_media":81247,"comment_status":"open","ping_status":"closed","sticky":false,"template":"","format":"standard","meta":{"csco_display_header_overlay":false,"csco_singular_sidebar":"","csco_page_header_type":"","csco_page_load_nextpost":"","csco_post_video_location":[],"csco_post_video_location_hash":"","csco_post_video_url":"","csco_post_video_bg_start_time":0,"csco_post_video_bg_end_time":0,"footnotes":""},"categories":[9673],"tags":[],"class_list":{"0":"post-81246","1":"post","2":"type-post","3":"status-publish","4":"format-standard","5":"has-post-thumbnail","7":"category-prasa","8":"cs-entry","9":"cs-video-wrap"},"_links":{"self":[{"href":"https:\/\/mediarun.com\/pl\/wp-json\/wp\/v2\/posts\/81246","targetHints":{"allow":["GET"]}}],"collection":[{"href":"https:\/\/mediarun.com\/pl\/wp-json\/wp\/v2\/posts"}],"about":[{"href":"https:\/\/mediarun.com\/pl\/wp-json\/wp\/v2\/types\/post"}],"author":[{"embeddable":true,"href":"https:\/\/mediarun.com\/pl\/wp-json\/wp\/v2\/users\/1"}],"replies":[{"embeddable":true,"href":"https:\/\/mediarun.com\/pl\/wp-json\/wp\/v2\/comments?post=81246"}],"version-history":[{"count":0,"href":"https:\/\/mediarun.com\/pl\/wp-json\/wp\/v2\/posts\/81246\/revisions"}],"wp:featuredmedia":[{"embeddable":true,"href":"https:\/\/mediarun.com\/pl\/wp-json\/wp\/v2\/media\/81247"}],"wp:attachment":[{"href":"https:\/\/mediarun.com\/pl\/wp-json\/wp\/v2\/media?parent=81246"}],"wp:term":[{"taxonomy":"category","embeddable":true,"href":"https:\/\/mediarun.com\/pl\/wp-json\/wp\/v2\/categories?post=81246"},{"taxonomy":"post_tag","embeddable":true,"href":"https:\/\/mediarun.com\/pl\/wp-json\/wp\/v2\/tags?post=81246"}],"curies":[{"name":"wp","href":"https:\/\/api.w.org\/{rel}","templated":true}]}}