{"id":81238,"date":"2006-02-02T15:08:01","date_gmt":"2006-02-02T14:08:01","guid":{"rendered":"https:\/\/mediarun.com\/index.php\/news-posts\/polskie-radio-podpisalo-deklaracje\/"},"modified":"2006-02-02T15:08:01","modified_gmt":"2006-02-02T14:08:01","slug":"polskie-radio-podpisalo-deklaracje","status":"publish","type":"post","link":"https:\/\/mediarun.com\/pl\/media\/radio\/polskie-radio-podpisalo-deklaracje.html","title":{"rendered":"Polskie Radio podpisa\u0142o Deklaracj\u0119"},"content":{"rendered":"<p>W sk\u0142ad grupy roboczej koordynuj\u0105cej dzia\u0142ania w ramach kampanii &#8222;Czyste informacje&#8221; wchodzili przedstawiciele organizacji pracodawc\u00f3w, wydawc\u00f3w medi\u00f3w, dziennikarzy, reklamy, PR, \u015brodowisk naukowych i organizacji pozarz\u0105dowych. W ramach projektu zrealizowano mi\u0119dzy innymi badania pozwalaj\u0105ce oszacowa\u0107 skal\u0119 tego problemu w Polsce. <\/p>\n<p>Jednym z istotnych wniosk\u00f3w p\u0142yn\u0105cych z dotychczasowych dzia\u0142a\u0144 w ramach kampanii by\u0142a potrzeba zwi\u0119kszenia wsp\u00f3\u0142pracy pomi\u0119dzy organizacjami bran\u017cowymi i zawodowymi dzia\u0142aj\u0105cymi w \u015brodowisku medi\u00f3w przy przeciwdzia\u0142aniu ukrytej reklamie. Wsp\u00f3\u0142praca ta mia\u0142aby obejmowa\u0107 takie sfery jak edukacja, promocja dobrych praktyk, monitorowanie skali problemu oraz przygotowywanie autoregulacji dotycz\u0105cych tego zjawiska. <\/p>\n<p>W\u015br\u00f3d sygnatariuszy Deklaracji znale\u017ali si\u0119 przedstawiciele nast\u0119puj\u0105cych organizacji: Izba Wydawc\u00f3w Prasy, Polska Konfederacja Pracodawc\u00f3w Prywatnych Lewiatan, Polskie Stowarzyszenie Public Relations, Stowarzyszenie Agencji Reklamowych, Stowarzyszenie Dziennikarzy Polskich, Syndykat Dziennikarzy Polskich, Zwi\u0105zek Firm Public Relations, Zwi\u0105zek Pracodawc\u00f3w Medi\u00f3w Publicznych i Zwi\u0105zek Pracodawc\u00f3w Prywatnych Medi\u00f3w.<\/p>\n","protected":false},"excerpt":{"rendered":"W czwartek w siedzibie PKPP Lewiatan Andrzej Siezieniewski, prezes Polskiego Radia, podpisa\u0142 Deklaracj\u0119 Przeciwdzia\u0142ania Ukrytej Reklamie. Jej podpisanie to jeden z efekt\u00f3w zainicjowanej przez Zwi\u0105zek Firm PR we 2004 roku kampanii &#8222;Czyste Informacje&#8221;, kt\u00f3rej celem jest ograniczenie zjawiska ukrytej reklamy zagra\u017caj\u0105cego niezale\u017cno\u015bci medi\u00f3w i konkurencji.","protected":false},"author":1,"featured_media":81239,"comment_status":"open","ping_status":"closed","sticky":false,"template":"","format":"standard","meta":{"csco_display_header_overlay":false,"csco_singular_sidebar":"","csco_page_header_type":"","csco_page_load_nextpost":"","csco_post_video_location":[],"csco_post_video_location_hash":"","csco_post_video_url":"","csco_post_video_bg_start_time":0,"csco_post_video_bg_end_time":0,"footnotes":""},"categories":[9672],"tags":[],"class_list":{"0":"post-81238","1":"post","2":"type-post","3":"status-publish","4":"format-standard","5":"has-post-thumbnail","7":"category-radio","8":"cs-entry","9":"cs-video-wrap"},"_links":{"self":[{"href":"https:\/\/mediarun.com\/pl\/wp-json\/wp\/v2\/posts\/81238","targetHints":{"allow":["GET"]}}],"collection":[{"href":"https:\/\/mediarun.com\/pl\/wp-json\/wp\/v2\/posts"}],"about":[{"href":"https:\/\/mediarun.com\/pl\/wp-json\/wp\/v2\/types\/post"}],"author":[{"embeddable":true,"href":"https:\/\/mediarun.com\/pl\/wp-json\/wp\/v2\/users\/1"}],"replies":[{"embeddable":true,"href":"https:\/\/mediarun.com\/pl\/wp-json\/wp\/v2\/comments?post=81238"}],"version-history":[{"count":0,"href":"https:\/\/mediarun.com\/pl\/wp-json\/wp\/v2\/posts\/81238\/revisions"}],"wp:featuredmedia":[{"embeddable":true,"href":"https:\/\/mediarun.com\/pl\/wp-json\/wp\/v2\/media\/81239"}],"wp:attachment":[{"href":"https:\/\/mediarun.com\/pl\/wp-json\/wp\/v2\/media?parent=81238"}],"wp:term":[{"taxonomy":"category","embeddable":true,"href":"https:\/\/mediarun.com\/pl\/wp-json\/wp\/v2\/categories?post=81238"},{"taxonomy":"post_tag","embeddable":true,"href":"https:\/\/mediarun.com\/pl\/wp-json\/wp\/v2\/tags?post=81238"}],"curies":[{"name":"wp","href":"https:\/\/api.w.org\/{rel}","templated":true}]}}