{"id":81228,"date":"2006-02-02T19:32:11","date_gmt":"2006-02-02T18:32:11","guid":{"rendered":"https:\/\/mediarun.com\/index.php\/news-posts\/allegro-pl-pomaga-poszkodowanym\/"},"modified":"2006-02-02T19:32:11","modified_gmt":"2006-02-02T18:32:11","slug":"allegro-pl-pomaga-poszkodowanym","status":"publish","type":"post","link":"https:\/\/mediarun.com\/pl\/digital\/internet\/allegro-pl-pomaga-poszkodowanym.html","title":{"rendered":"Allegro.pl pomaga poszkodowanym"},"content":{"rendered":"<p>Swoje przedmioty na aukcj\u0119 przekazali mi\u0119dzy innymi: Ksi\u0105dz Arcybiskup Henryk Muszy\u0144ski, Grzegorz Miecugow oraz Marsza\u0142ek Wojew\u00f3dztwa Wielkopolskiego Marek Wo\u017aniak. Aukcja pod adresem www.caritas.allegro.pl potrwa do ko\u0144ca miesi\u0105ca.<\/p>\n<p>Oryginalna maska afryka\u0144ska przekazana przez Arcybiskupa Henryka Muszy\u0144skiego Metropolit\u0119 Gnie\u017anie\u0144skiego, ksi\u0105\u017cki Czes\u0142awa Mi\u0142osza i Grzegorza Miecugowa z autografami oraz obraz malowany ustami autorstwa Ryszarda Manuszaka, niepe\u0142nosprawnego artysty &#8211; to tylko niekt\u00f3re przedmioty, jakie mo\u017cna licytowa\u0107 w aukcji charytatywnej zorganizowanej przez Caritas Archidiecezji Gnie\u017anie\u0144skiej i serwis Allegro.pl.<br \/>\n&#8211; Gdy tylko dowiedzieli\u015bmy si\u0119 o tragedii, wiedzieli\u015bmy, \u017ce niezb\u0119dna b\u0119dzie pomoc dla ofiar, poszkodowanych i ich rodzin. Od razu przyst\u0105pili\u015bmy do dzia\u0142ania. &#8211; opowiada ks. Jacek Dziel, dyrektor Caritas AG. &#8211; Niejednokrotnie przeprowadzali\u015bmy ju\u017c aukcje charytatywne. Zawsze udawa\u0142o nam si\u0119 zebra\u0107 du\u017ce sumy pieni\u0119dzy. W obliczu tej tragedii wierzymy, \u017ce internauci nie pozostan\u0105 oboj\u0119tni i ch\u0119tnie b\u0119d\u0105 licytowa\u0107 ofiarowane przedmioty &#8211; dodaje Artur Brz\u0119czkowski z Allegro.pl.<\/p>\n<p>Pieni\u0105dze, jakie zostan\u0105 zebrane w czasie aukcji b\u0119d\u0105 przekazywane do Caritas Polska, kt\u00f3ra koordynuje przebieg akcji pomocowej dla poszkodowanych w ca\u0142ej Polsce (\u015brodki trafi\u0105 do diecezji katowickiej oraz innych diecezji, w kt\u00f3rych mieszka\u0142y ofiary lub ich bliscy). Dyrektorzy Caritas diecezjalnych ju\u017c teraz odwiedzaj\u0105 pogr\u0105\u017cone w \u017ca\u0142obie rodziny zmar\u0142ych i przekazuj\u0105 im zapomogi pieni\u0119\u017cne, a tak\u017ce rozmawiaj\u0105 o ich potrzebach materialnych, psychicznych i duchowych. Rozmiary tragedii s\u0105 tak wielkie, \u017ce aby zapewni\u0107 skuteczn\u0105 pomoc wszystkim, kt\u00f3rzy ucierpieli wci\u0105\u017c potrzebne s\u0105 nowe \u015brodki.W pierwszej kolejno\u015bci zebrane pieni\u0105dze zostan\u0105 przeznaczone na zapewnienie natychmiastowej pomocy medycznej osobom rannym oraz na wyp\u0142acanie zasi\u0142k\u00f3w potrzebnych do codziennej piel\u0119gnacji i rehabilitacji. Caritas b\u0119dzie uczestniczy\u0142a tak\u017ce w dzia\u0142aniach d\u0142ugofalowych &#8211; finansowane b\u0119d\u0105 koszty leczenia oraz rehabilitacji poszkodowanych. W katastrofie zgin\u0119li rodzice wielu dzieci &#8211; Caritas otoczy je szczeg\u00f3ln\u0105 opiek\u0105. Akcja na stronie www.caritas.allegro.pl potrwa do ko\u0144ca miesi\u0105ca. <\/p>\n<p>Caritas Archidiecezji Gnie\u017anie\u0144skiej oraz serwis Allegro.pl zwracaj\u0105 si\u0119 z serdeczn\u0105 pro\u015bb\u0105 do wszystkich u\u017cytkownik\u00f3w internetu o przekazywanie przedmiot\u00f3w na aukcj\u0119 charytatywn\u0105. Czekamy na pami\u0105tki, materia\u0142y archiwalne, p\u0142yty z autografami artyst\u00f3w i inne rzeczy, kt\u00f3re warto wystawi\u0107 do licytacji. Osoby zainteresowane prosimy o kontakt: aukcje@caritas.gniezno.pl lub 61\/425-57-82 (biuro Caritas w Gnie\u017anie jest czynne od poniedzia\u0142ku do pi\u0105tku w godz. 8-16.00).<\/p>\n","protected":false},"excerpt":{"rendered":"Caritas Archidiecezji Gnie\u017anie\u0144skiej wsp\u00f3lnie z serwisem Allegro.pl przygotowa\u0142a aukcj\u0119 charytatywn\u0105, z kt\u00f3rej doch\u00f3d b\u0119dzie przeznaczony na pomoc poszkodowanym i rodzinom ofiar tragedii, jaka wydarzy\u0142a si\u0119 w Katowicach.","protected":false},"author":1,"featured_media":0,"comment_status":"open","ping_status":"closed","sticky":false,"template":"","format":"standard","meta":{"csco_display_header_overlay":false,"csco_singular_sidebar":"","csco_page_header_type":"","csco_page_load_nextpost":"","csco_post_video_location":[],"csco_post_video_location_hash":"","csco_post_video_url":"","csco_post_video_bg_start_time":0,"csco_post_video_bg_end_time":0,"footnotes":""},"categories":[9676],"tags":[],"class_list":{"0":"post-81228","1":"post","2":"type-post","3":"status-publish","4":"format-standard","6":"category-internet","7":"cs-entry","8":"cs-video-wrap"},"_links":{"self":[{"href":"https:\/\/mediarun.com\/pl\/wp-json\/wp\/v2\/posts\/81228","targetHints":{"allow":["GET"]}}],"collection":[{"href":"https:\/\/mediarun.com\/pl\/wp-json\/wp\/v2\/posts"}],"about":[{"href":"https:\/\/mediarun.com\/pl\/wp-json\/wp\/v2\/types\/post"}],"author":[{"embeddable":true,"href":"https:\/\/mediarun.com\/pl\/wp-json\/wp\/v2\/users\/1"}],"replies":[{"embeddable":true,"href":"https:\/\/mediarun.com\/pl\/wp-json\/wp\/v2\/comments?post=81228"}],"version-history":[{"count":0,"href":"https:\/\/mediarun.com\/pl\/wp-json\/wp\/v2\/posts\/81228\/revisions"}],"wp:attachment":[{"href":"https:\/\/mediarun.com\/pl\/wp-json\/wp\/v2\/media?parent=81228"}],"wp:term":[{"taxonomy":"category","embeddable":true,"href":"https:\/\/mediarun.com\/pl\/wp-json\/wp\/v2\/categories?post=81228"},{"taxonomy":"post_tag","embeddable":true,"href":"https:\/\/mediarun.com\/pl\/wp-json\/wp\/v2\/tags?post=81228"}],"curies":[{"name":"wp","href":"https:\/\/api.w.org\/{rel}","templated":true}]}}