{"id":81196,"date":"2006-02-02T23:30:25","date_gmt":"2006-02-02T22:30:25","guid":{"rendered":"https:\/\/mediarun.com\/index.php\/news-posts\/media-oburzone-faworyzowaniem-trwam\/"},"modified":"2006-02-02T23:30:25","modified_gmt":"2006-02-02T22:30:25","slug":"media-oburzone-faworyzowaniem-trwam","status":"publish","type":"post","link":"https:\/\/mediarun.com\/pl\/media\/tv\/media-oburzone-faworyzowaniem-trwam.html","title":{"rendered":"Media oburzone faworyzowaniem Trwam"},"content":{"rendered":"<p>Ojciec Jan Kr\u00f3l prowadz\u0105cy audycj\u0119 w Telewizji Trwam podkre\u015bli\u0142, i\u017c spotkanie zosta\u0142o zainicjowane specjalnie dla widz\u00f3w toru\u0144skiego kana\u0142u i s\u0142uchaczy Radia Maryja. Chwil\u0119 po zako\u0144czeniu wyj\u0105tkowej konferencji, partie chcia\u0142y oficjalnie podpisa\u0107 pakt na og\u00f3lnodost\u0119pnym zebraniu. Dziennikarze pozosta\u0142ych medi\u00f3w jednak je zbojkotowali. Na znak protestu po\u0142o\u017cyli mikrofony pod drzwiami sali.<\/p>\n<p>Czego\u015b takiego jeszcze nigdy podczas swojej wieloletniej pracy jako sprawozdawcy sejmowego nie widzia\u0142am. Niezale\u017cnie, jakie si\u0142y polityczne dominowa\u0142y w Sejmie, zawsze media by\u0142y traktowane r\u00f3wno.<br \/>\nA dzi\u015b media bezkrytyczne wobec w\u0142adzy, s\u0105 ewidentnie faworyzowane &#8211; stwierdzi\u0142a reporterka na antenie TVN.<\/p>\n<p>Oburzona zaistnia\u0142\u0105 sytuacja jest tak\u017ce Monika Olejnik. -Skandalicznie zamkni\u0119to drzwi przed dziennikarzami- powiedzia\u0142a dziennikarka w programie &#8222;Prosto w oczy&#8221;. Piotr Zar\u0119ba z &#8222;Newsweeka&#8221; b\u0119d\u0105cy go\u015bciem audycji nie chcia\u0142 demonizowa\u0107 wydarzenia, okre\u015bli\u0142 je jednak jako &#8222;niezr\u0119czne&#8221;.<\/p>\n<p>Pocz\u0105tkowo my\u015bla\u0142am, \u017ce to skandal ale mo\u017ce wkraczamy w tak\u0105 normalno\u015b\u0107, tak si\u0119 zaczyna IV RP. Politycy przyzwyczaili si\u0119 do rz\u0105dzenia dziennikarzami i u\u017cywania ich do politycznych gier &#8211; powiedzia\u0142a na antenie TVP1 Janina Paradowska z &#8222;Polityki&#8221;.<\/p>\n<p>Zaniepokojenie i oburzenie sytuacj\u0105 publicznie wyrazili przedstawiciele wielu medi\u00f3w mi\u0119dzy innymi Jan Dworak- prezes TVP, redaktor naczelny &#8222;Rzeczpospolitej&#8221; Grzegorz Garden i redaktor naczelny &#8222;Newsweeka&#8221; Tomasz Wr\u00f3blewski.<\/p>\n<p><B>Co na to politycy?<\/B><\/p>\n<p>Media zachowa\u0142y si\u0119 niekulturalnie. Trzeba b\u0119dzie wyci\u0105gn\u0105\u0107 z tego wnioski &#8211; skomentowa\u0142 zachowanie dziennikarzy Jaros\u0142aw Kaczy\u0144ski, prezes PiS. <\/p>\n<p>Mo\u017cecie si\u0119 spodziewa\u0107, \u017ce media wiarygodne b\u0119d\u0105 lepiej traktowane. S\u0105 lepsi i gorsi dziennikarze, jak w ka\u017cdym zawodzie- stwierdzi\u0142 pose\u0142 PiS Marek Suski w TVN24, sugeruj\u0105c brak obiektywno\u015bci niekt\u00f3rych redakcji<\/p>\n","protected":false},"excerpt":{"rendered":"Telewizja Trwam , Radio Maryja i &#8222;Nasz dziennik&#8221; staj\u0105 si\u0119 coraz bardziej wp\u0142ywowymi mediami. Na wy\u0142\u0105czno\u015b\u0107 katolickich redakcji zorganizowano specjaln\u0105 konferencj\u0119 prasow\u0105 podczas kt\u00f3rej nast\u0105pi\u0142o parafowanie umowy stabilizacyjnej miedzy Prawem i Sprawiedliwo\u015bci\u0105, Samoobron\u0105 i Lig\u0105 Polskich Rodzin. Wst\u0119pu na briefing nie mieli przedstawiciele pozosta\u0142ych nadawc\u00f3w.","protected":false},"author":1,"featured_media":0,"comment_status":"open","ping_status":"closed","sticky":false,"template":"","format":"standard","meta":{"csco_display_header_overlay":false,"csco_singular_sidebar":"","csco_page_header_type":"","csco_page_load_nextpost":"","csco_post_video_location":[],"csco_post_video_location_hash":"","csco_post_video_url":"","csco_post_video_bg_start_time":0,"csco_post_video_bg_end_time":0,"footnotes":""},"categories":[9670],"tags":[],"class_list":{"0":"post-81196","1":"post","2":"type-post","3":"status-publish","4":"format-standard","6":"category-tv","7":"cs-entry","8":"cs-video-wrap"},"_links":{"self":[{"href":"https:\/\/mediarun.com\/pl\/wp-json\/wp\/v2\/posts\/81196","targetHints":{"allow":["GET"]}}],"collection":[{"href":"https:\/\/mediarun.com\/pl\/wp-json\/wp\/v2\/posts"}],"about":[{"href":"https:\/\/mediarun.com\/pl\/wp-json\/wp\/v2\/types\/post"}],"author":[{"embeddable":true,"href":"https:\/\/mediarun.com\/pl\/wp-json\/wp\/v2\/users\/1"}],"replies":[{"embeddable":true,"href":"https:\/\/mediarun.com\/pl\/wp-json\/wp\/v2\/comments?post=81196"}],"version-history":[{"count":0,"href":"https:\/\/mediarun.com\/pl\/wp-json\/wp\/v2\/posts\/81196\/revisions"}],"wp:attachment":[{"href":"https:\/\/mediarun.com\/pl\/wp-json\/wp\/v2\/media?parent=81196"}],"wp:term":[{"taxonomy":"category","embeddable":true,"href":"https:\/\/mediarun.com\/pl\/wp-json\/wp\/v2\/categories?post=81196"},{"taxonomy":"post_tag","embeddable":true,"href":"https:\/\/mediarun.com\/pl\/wp-json\/wp\/v2\/tags?post=81196"}],"curies":[{"name":"wp","href":"https:\/\/api.w.org\/{rel}","templated":true}]}}