{"id":81173,"date":"2006-02-03T06:00:00","date_gmt":"2006-02-03T05:00:00","guid":{"rendered":"https:\/\/mediarun.com\/index.php\/news-posts\/exklusiv-na-plakatach\/"},"modified":"2006-02-03T06:00:00","modified_gmt":"2006-02-03T05:00:00","slug":"exklusiv-na-plakatach","status":"publish","type":"post","link":"https:\/\/mediarun.com\/pl\/marketing\/atl\/exklusiv-na-plakatach.html","title":{"rendered":"Exklusiv na plakatach"},"content":{"rendered":"<p><P>na sto\u0142ecznych ulicach.<\/P><br \/>\n<P>&#8211; Czytelnicy Exklusiva czytaj\u0105 plakaty rozwieszone na ulicach jak gazet\u0119 . Z plakat\u00f3w dowiaduj\u0105 si\u0119 o nowych p\u0142ytach, nowych kolekcjach d\u017cinsowych i koncertach. Od tego miesi\u0105ca z plakat\u00f3w dowiedz\u0105 sie r\u00f3wnie\u017c&nbsp; o nowym wydaniu Exklusiva &#8211; m\u00f3wi Zuzanna Ziomecka, wydawca tytu\u0142u.<\/P><br \/>\n<P>Plakaty Exklusiva zawisn\u0105 w 60 punktach Warszawy przez pierwsze dwa tygodnie ka\u017cdego miesi\u0105ca, \u017ceby wesprze\u0107 sprzeda\u017c tytu\u0142u w Empikach i wybranych punktach In-medio relay.<\/P><br \/>\n<P>&#8211; Wielu os\u00f3b nadal czas kojarzy Exklusiva z Aktivistem, mimo \u017ce juz od dw\u00f3ch lat te dwa tytu\u0142y tworz\u0105 oddzielne zespo\u0142y i funkcjonuj\u0105 one w zupe\u0142nie innych kana\u0142ach dystrybucyjnych. Plakatami chcemy zwr\u00f3ci\u0107 uwag\u0119 na to jak wygl\u0105da i o czym jest najnowszy numer Exklsuiva. W ten spos\u00f3b czytelnicy mog\u0105 \u0142atwo skonfrontowa\u0107 go z Aktivistem, kt\u00f3rego napotykaj\u0105 w mie\u015bcie &#8211; t\u0142umaczy wydawca.<\/P><br \/>\n<P>Wsparcie promocyjne dla Exklusiva odb\u0119dzie sie r\u00f3wnie\u017c w punktach sprzeda\u017cy oraz&nbsp;&#8211; w drugiej po\u0142owie roku &#8211; w Internecie. <\/P><br \/>\n<P>Wydawc\u0105 Exklusiva jest Valkea Media Sp. Zo.o.. Traktuj\u0105cy o modzie, muzyce i pop kulturze Exklusiv jest dost\u0119pny w sieciach salon\u00f3w Empik, Inmedio\/Relay, Kolporter, Garmond, Transpress, GLM oraz w Traffik Klubie w nak\u0142adzie wysoko\u015bci oko\u0142o 65 tysi\u0119cy egzemplarzy. <\/P><\/p>\n","protected":false},"excerpt":{"rendered":"Exklusiv rozpocz\u0105\u0142 w tym miesi\u0105cu niestandardow\u0105 kampani\u0119 promocyjn\u0105 w postaci plakat\u00f3w rozmieszczonych&#8230;","protected":false},"author":1,"featured_media":81174,"comment_status":"open","ping_status":"closed","sticky":false,"template":"","format":"standard","meta":{"csco_display_header_overlay":false,"csco_singular_sidebar":"","csco_page_header_type":"","csco_page_load_nextpost":"","csco_post_video_location":[],"csco_post_video_location_hash":"","csco_post_video_url":"","csco_post_video_bg_start_time":0,"csco_post_video_bg_end_time":0,"footnotes":""},"categories":[9642],"tags":[],"class_list":{"0":"post-81173","1":"post","2":"type-post","3":"status-publish","4":"format-standard","5":"has-post-thumbnail","7":"category-atl","8":"cs-entry","9":"cs-video-wrap"},"_links":{"self":[{"href":"https:\/\/mediarun.com\/pl\/wp-json\/wp\/v2\/posts\/81173","targetHints":{"allow":["GET"]}}],"collection":[{"href":"https:\/\/mediarun.com\/pl\/wp-json\/wp\/v2\/posts"}],"about":[{"href":"https:\/\/mediarun.com\/pl\/wp-json\/wp\/v2\/types\/post"}],"author":[{"embeddable":true,"href":"https:\/\/mediarun.com\/pl\/wp-json\/wp\/v2\/users\/1"}],"replies":[{"embeddable":true,"href":"https:\/\/mediarun.com\/pl\/wp-json\/wp\/v2\/comments?post=81173"}],"version-history":[{"count":0,"href":"https:\/\/mediarun.com\/pl\/wp-json\/wp\/v2\/posts\/81173\/revisions"}],"wp:featuredmedia":[{"embeddable":true,"href":"https:\/\/mediarun.com\/pl\/wp-json\/wp\/v2\/media\/81174"}],"wp:attachment":[{"href":"https:\/\/mediarun.com\/pl\/wp-json\/wp\/v2\/media?parent=81173"}],"wp:term":[{"taxonomy":"category","embeddable":true,"href":"https:\/\/mediarun.com\/pl\/wp-json\/wp\/v2\/categories?post=81173"},{"taxonomy":"post_tag","embeddable":true,"href":"https:\/\/mediarun.com\/pl\/wp-json\/wp\/v2\/tags?post=81173"}],"curies":[{"name":"wp","href":"https:\/\/api.w.org\/{rel}","templated":true}]}}