{"id":81163,"date":"2006-02-03T06:00:00","date_gmt":"2006-02-03T05:00:00","guid":{"rendered":"https:\/\/mediarun.com\/index.php\/news-posts\/cnn-zmienia-wizerunek\/"},"modified":"2006-02-03T06:00:00","modified_gmt":"2006-02-03T05:00:00","slug":"cnn-zmienia-wizerunek","status":"publish","type":"post","link":"https:\/\/mediarun.com\/pl\/media\/tv\/cnn-zmienia-wizerunek.html","title":{"rendered":"CNN zmienia wizerunek"},"content":{"rendered":"<p><P>zmieni opraw\u0119 graficzn\u0105 i d\u017awi\u0119kow\u0105 &#8211; poinformowa\u0142 serwis Press.pl.<\/P><br \/>\n<P>Nowe logo stacji sk\u0142ada si\u0119 z czerwonego napisu CNN na bia\u0142ym prostok\u0105cie. Zaprojektowa\u0142a je agencja Brand42 i CC-Lab. Agencja Kemistry z kolei opracowa\u0142a now\u0105 szat\u0119 graficzn\u0105, w tym nowy format wiadomo\u015bci tekstowych wy\u015bwietlanych na ekranie na pasku podczas program\u00f3w. Maj\u0105 by\u0107 bardziej czytelne i przys\u0142ania\u0107 mniej obrazu ni\u017c do tej pory. <\/P><br \/>\n<P>Zmieni si\u0119 kolor czcionek, kt\u00f3rymi pisane s\u0105 wiadomo\u015bci&nbsp;&#8211; czarno-bia\u0142\u0105 czcionk\u0119 zachowano dla og\u00f3lnych informacji, niebiesk\u0105 dla ekonomicznych i biznesowych, zielon\u0105 dla sportowych, a \u017c\u00f3\u0142t\u0105 dla gor\u0105cych news\u00f3w. To pierwsze tak du\u017ce zmiany w oprawie programu od pi\u0119ciu lat.<\/P><\/p>\n","protected":false},"excerpt":{"rendered":"Stacja telewizyjna CNN International 5 lutego zacznie emisj\u0119 programu w nowej oprawie. Telewizja wprowadzi nowe logo&#8230;","protected":false},"author":1,"featured_media":81164,"comment_status":"open","ping_status":"closed","sticky":false,"template":"","format":"standard","meta":{"csco_display_header_overlay":false,"csco_singular_sidebar":"","csco_page_header_type":"","csco_page_load_nextpost":"","csco_post_video_location":[],"csco_post_video_location_hash":"","csco_post_video_url":"","csco_post_video_bg_start_time":0,"csco_post_video_bg_end_time":0,"footnotes":""},"categories":[9670],"tags":[],"class_list":{"0":"post-81163","1":"post","2":"type-post","3":"status-publish","4":"format-standard","5":"has-post-thumbnail","7":"category-tv","8":"cs-entry","9":"cs-video-wrap"},"_links":{"self":[{"href":"https:\/\/mediarun.com\/pl\/wp-json\/wp\/v2\/posts\/81163","targetHints":{"allow":["GET"]}}],"collection":[{"href":"https:\/\/mediarun.com\/pl\/wp-json\/wp\/v2\/posts"}],"about":[{"href":"https:\/\/mediarun.com\/pl\/wp-json\/wp\/v2\/types\/post"}],"author":[{"embeddable":true,"href":"https:\/\/mediarun.com\/pl\/wp-json\/wp\/v2\/users\/1"}],"replies":[{"embeddable":true,"href":"https:\/\/mediarun.com\/pl\/wp-json\/wp\/v2\/comments?post=81163"}],"version-history":[{"count":0,"href":"https:\/\/mediarun.com\/pl\/wp-json\/wp\/v2\/posts\/81163\/revisions"}],"wp:featuredmedia":[{"embeddable":true,"href":"https:\/\/mediarun.com\/pl\/wp-json\/wp\/v2\/media\/81164"}],"wp:attachment":[{"href":"https:\/\/mediarun.com\/pl\/wp-json\/wp\/v2\/media?parent=81163"}],"wp:term":[{"taxonomy":"category","embeddable":true,"href":"https:\/\/mediarun.com\/pl\/wp-json\/wp\/v2\/categories?post=81163"},{"taxonomy":"post_tag","embeddable":true,"href":"https:\/\/mediarun.com\/pl\/wp-json\/wp\/v2\/tags?post=81163"}],"curies":[{"name":"wp","href":"https:\/\/api.w.org\/{rel}","templated":true}]}}