{"id":81158,"date":"2006-02-03T06:00:00","date_gmt":"2006-02-03T05:00:00","guid":{"rendered":"https:\/\/mediarun.com\/index.php\/news-posts\/nominowani-do-sladu\/"},"modified":"2006-02-03T06:00:00","modified_gmt":"2006-02-03T05:00:00","slug":"nominowani-do-sladu","status":"publish","type":"post","link":"https:\/\/mediarun.com\/pl\/wydarzenia\/nominowani-do-sladu.html","title":{"rendered":"Nominowani do \u015aladu"},"content":{"rendered":"<p><P>z Tygodnika Powszechnego zostali nominowani do pi\u0105tej edycji nagrody dziennikarskiej &#8222;\u015alad&#8221; im. Biskupa Jana Chrapka 2006. Zwyci\u0119zc\u0119 poznamy w sobot\u0119 podczas gali. <\/P><br \/>\n<P>&#8211; Nie jest to nagroda konfesyjna. Chodzi o dostrze\u017cenie ludzi s\u0142u\u017c\u0105cych warto\u015bciom, kt\u00f3rym s\u0142u\u017cy\u0142 bp Chrapek: prawdzie, dobru, pi\u0119knu &#8211; m\u00f3wi\u0142, og\u0142aszaj\u0105c nominacje, Zbigniew Nosowski, cz\u0142onek kapitu\u0142y, redaktor naczelny miesi\u0119cznika Wie\u017a. <\/P><br \/>\n<P>&#8222;\u015alad&#8221; jest nagrod\u0105 dziennikarzy dla dziennikarzy, przyznawan\u0105 po \u015bmierci bp. Jana Chrapka w 2001 roku. <\/P><\/p>\n","protected":false},"excerpt":{"rendered":"Szymon Ho\u0142ownia, dziennikarz Rzeczpospolitej, ks. Marek Gancarczyk, redaktor naczelny Go\u015bcia Niedzielnego oraz Marek Zaj\u0105c&#8230;","protected":false},"author":1,"featured_media":81159,"comment_status":"open","ping_status":"closed","sticky":false,"template":"","format":"standard","meta":{"csco_display_header_overlay":false,"csco_singular_sidebar":"","csco_page_header_type":"","csco_page_load_nextpost":"","csco_post_video_location":[],"csco_post_video_location_hash":"","csco_post_video_url":"","csco_post_video_bg_start_time":0,"csco_post_video_bg_end_time":0,"footnotes":""},"categories":[46],"tags":[],"class_list":{"0":"post-81158","1":"post","2":"type-post","3":"status-publish","4":"format-standard","5":"has-post-thumbnail","7":"category-wydarzenia","8":"cs-entry","9":"cs-video-wrap"},"_links":{"self":[{"href":"https:\/\/mediarun.com\/pl\/wp-json\/wp\/v2\/posts\/81158","targetHints":{"allow":["GET"]}}],"collection":[{"href":"https:\/\/mediarun.com\/pl\/wp-json\/wp\/v2\/posts"}],"about":[{"href":"https:\/\/mediarun.com\/pl\/wp-json\/wp\/v2\/types\/post"}],"author":[{"embeddable":true,"href":"https:\/\/mediarun.com\/pl\/wp-json\/wp\/v2\/users\/1"}],"replies":[{"embeddable":true,"href":"https:\/\/mediarun.com\/pl\/wp-json\/wp\/v2\/comments?post=81158"}],"version-history":[{"count":0,"href":"https:\/\/mediarun.com\/pl\/wp-json\/wp\/v2\/posts\/81158\/revisions"}],"wp:featuredmedia":[{"embeddable":true,"href":"https:\/\/mediarun.com\/pl\/wp-json\/wp\/v2\/media\/81159"}],"wp:attachment":[{"href":"https:\/\/mediarun.com\/pl\/wp-json\/wp\/v2\/media?parent=81158"}],"wp:term":[{"taxonomy":"category","embeddable":true,"href":"https:\/\/mediarun.com\/pl\/wp-json\/wp\/v2\/categories?post=81158"},{"taxonomy":"post_tag","embeddable":true,"href":"https:\/\/mediarun.com\/pl\/wp-json\/wp\/v2\/tags?post=81158"}],"curies":[{"name":"wp","href":"https:\/\/api.w.org\/{rel}","templated":true}]}}