{"id":81146,"date":"2006-02-03T16:17:27","date_gmt":"2006-02-03T15:17:27","guid":{"rendered":"https:\/\/mediarun.com\/index.php\/news-posts\/dziennikarze-o-sejmowym-protescie\/"},"modified":"2006-02-03T16:17:27","modified_gmt":"2006-02-03T15:17:27","slug":"dziennikarze-o-sejmowym-protescie","status":"publish","type":"post","link":"https:\/\/mediarun.com\/pl\/media\/tv\/dziennikarze-o-sejmowym-protescie.html","title":{"rendered":"Dziennikarze o sejmowym prote\u015bcie"},"content":{"rendered":"<p><?plik(4336,'lef','')?> <B>Micha\u0142 Karnowski- dziennikarz  tygodnika &#8222;Newsweek Polska&#8221;.<\/B><\/p>\n<p>Nie tre\u015b\u0107, ale forma podpisania Paktu zdominowa\u0142a przekazy medialne. I trudno si\u0119 dziwi\u0107. Nie chodzi bowiem o zwyk\u0142y exclusiv udzielony jednej ze stacji, ale o wa\u017cny akt polityczny, dokonany w Sejmie, w miejscu gdzie dzieje si\u0119 demokracja. I zdarzenie i miejsce zobowi\u0105zuj\u0105 do respektowania regu\u0142 daj\u0105cych mediom r\u00f3wny dost\u0119p do informacji. <\/p>\n<p>Z czego wynik\u0142a ca\u0142a sytuacja? S\u0105dz\u0119, \u017ce tr\u00f3jka polityk\u00f3w (zapewne na pro\u015bb\u0119 Ojca Rydzyka) chcia\u0142a pokaza\u0107 biskupom, \u017ce \u017cadne apele o pomijanie TV Trwam czy Radia Maryja nie b\u0119d\u0105 skuteczne. Chcieli da\u0107 sygna\u0142 biskupom, a pot\u0119\u017cnie urazili  media.  Kr\u00f3tkie przeprosiny pewnie zamkn\u0119\u0142yby spraw\u0119, cho\u0107 ju\u017c wiemy, \u017ce ich nie b\u0119dzie. Dodatkowo zagra\u0142y zapewne inne motywy &#8211; ch\u0119\u0107 odreagowania krytyki medi\u00f3w, poczucie, \u017ce narasta atmosfera konfliktu i niezrozumienia pomi\u0119dzy obozem &#8222;moher\u00f3w&#8221; a &#8222;aksamitnych kapeluszy&#8221;.<\/p>\n<p>Czy jednak dziennikarze &#8211; nie wszyscy i ma\u0142o konsekwentnie, ale jednak &#8211; post\u0105pili s\u0142usznie og\u0142aszaj\u0105c bojkot? To nie by\u0142a prosta sytuacja, zagra\u0142y emocje &#8211; ale jednak takie post\u0119powanie trudno oceni\u0107 jako profesjonalne. Przypomina mi si\u0119 scena z 1998 czy 1999 roku. Lepper kolejny tydzie\u0144 blokuje kraj, prawie rewolta, rz\u0105d bezradny, s\u0142owem anarchia. Jako reporter radiowy s\u0142ucham Leppera na jednym z konwentykli Samoobrony. Du\u017ca, napchana sala, duszno, wrodzy dziennikarzom ch\u0142opi. A Lepper krzyczy: &#8222;Ja was dziennikarze sprowadz\u0119 do parteru, ja was zniszcz\u0119, ja was wyko\u0144cz\u0119, nie b\u0119dziecie mnie opluwa\u0107!!&#8221; <\/p>\n<p>Moja pierwsza my\u015bl &#8211; &#8222;wyj\u015b\u0107, bojkotowa\u0107.&#8221; Ale starszy kolega mnie powstrzymuje: &#8211; &#8222;naszym zadaniem jest s\u0142ucha\u0107, przekaza\u0107, skomentowa\u0107. Ale przede wszystkim mamy by\u0107 na miejscu&#8221;. Zosta\u0142em na miejscu, nada\u0142em relacj\u0119. I to by\u0142a dobra decyzja. Solidarno\u015b\u0107 dziennikarska jeszcze si\u0119 przyda na powa\u017cniejsze okazje. Na przyk\u0142ad gdyby okaza\u0142o si\u0119, \u017ce rzeczywi\u015bcie kto\u015b b\u0119dzie chcia\u0142 kara\u0107 protestuj\u0105cych w czwartek dziennikarzy.<\/p>\n<p><?plik(4337,'left','')?><B>Grzegorz Miecugow &#8211; zast\u0119pca Dyrektora Programowego TVN24<\/B><\/p>\n<p>To co si\u0119 sta\u0142o, to nie przypadek. Nie potkni\u0119cie ekipy Jaros\u0142awa Kaczy\u0144skiego, ale demonstracja i sygna\u0142 wys\u0142any w kierunku dziennikarzy przede wszystkim medi\u00f3w publicznych, kt\u00f3rzy lada dzie\u0144, lada tydzie\u0144 dostan\u0105 nowych szef\u00f3w. Niech si\u0119 teraz boj\u0105. I boj\u0105 si\u0119.<\/p>\n<p><?plik(4338,'left','')?> <B>Beata Grabarczyk -dziennikarka i prezenterka &#8222;Wydarze\u0144&#8221;<\/B><\/p>\n<p>Reakcja dziennikarzy nie by\u0142a zbyt emocjonalna. Mo\u017ce nie wszyscy o tym pami\u0119taj\u0105, ale my nie reprezentujemy naszych redakcji, a naszych odbiorc\u00f3w &#8211; widz\u00f3w, czytelnik\u00f3w, czy s\u0142uchaczy. To oni zostali przez polityk\u00f3w podzieleni na r\u00f3wnych i r\u00f3wniejszych. To w ich imieniu protestowali\u015bmy. Zwr\u00f3\u0107my uwag\u0119, \u017ce bez wzgledu na to, co zrobili politycy dziennikarze wykonali swoj\u0105 prac\u0119 &#8211; ka\u017cdy przygotowa\u0142 materia\u0142. Gdyby potraktowano nas r\u00f3wno, te materia\u0142y wygl\u0105da\u0142yby zupe\u0142nie inaczej.<\/p>\n","protected":false},"excerpt":{"rendered":"Sejmowe wydarzenia poruszy\u0142y polskie media. Na znak protestu przeciwko faworyzowaniu okre\u015blonych redakcji dziennikarze zaprzestali w czwartek swojej pracy. Czy nie by\u0142a ta zbyt emocjonalna reakcja ? Komentarz Micha\u0142a Karnowskiego, Grzegorza Miecugowa i Beaty Grabarczyk.","protected":false},"author":1,"featured_media":0,"comment_status":"open","ping_status":"closed","sticky":false,"template":"","format":"standard","meta":{"csco_display_header_overlay":false,"csco_singular_sidebar":"","csco_page_header_type":"","csco_page_load_nextpost":"","csco_post_video_location":[],"csco_post_video_location_hash":"","csco_post_video_url":"","csco_post_video_bg_start_time":0,"csco_post_video_bg_end_time":0,"footnotes":""},"categories":[9670],"tags":[],"class_list":{"0":"post-81146","1":"post","2":"type-post","3":"status-publish","4":"format-standard","6":"category-tv","7":"cs-entry","8":"cs-video-wrap"},"_links":{"self":[{"href":"https:\/\/mediarun.com\/pl\/wp-json\/wp\/v2\/posts\/81146","targetHints":{"allow":["GET"]}}],"collection":[{"href":"https:\/\/mediarun.com\/pl\/wp-json\/wp\/v2\/posts"}],"about":[{"href":"https:\/\/mediarun.com\/pl\/wp-json\/wp\/v2\/types\/post"}],"author":[{"embeddable":true,"href":"https:\/\/mediarun.com\/pl\/wp-json\/wp\/v2\/users\/1"}],"replies":[{"embeddable":true,"href":"https:\/\/mediarun.com\/pl\/wp-json\/wp\/v2\/comments?post=81146"}],"version-history":[{"count":0,"href":"https:\/\/mediarun.com\/pl\/wp-json\/wp\/v2\/posts\/81146\/revisions"}],"wp:attachment":[{"href":"https:\/\/mediarun.com\/pl\/wp-json\/wp\/v2\/media?parent=81146"}],"wp:term":[{"taxonomy":"category","embeddable":true,"href":"https:\/\/mediarun.com\/pl\/wp-json\/wp\/v2\/categories?post=81146"},{"taxonomy":"post_tag","embeddable":true,"href":"https:\/\/mediarun.com\/pl\/wp-json\/wp\/v2\/tags?post=81146"}],"curies":[{"name":"wp","href":"https:\/\/api.w.org\/{rel}","templated":true}]}}