{"id":81145,"date":"2006-02-03T19:32:36","date_gmt":"2006-02-03T18:32:36","guid":{"rendered":"https:\/\/mediarun.com\/index.php\/news-posts\/oswiadczenie-szefow-mediow\/"},"modified":"2006-02-03T19:32:36","modified_gmt":"2006-02-03T18:32:36","slug":"oswiadczenie-szefow-mediow","status":"publish","type":"post","link":"https:\/\/mediarun.com\/pl\/media\/tv\/oswiadczenie-szefow-mediow.html","title":{"rendered":"O\u015bwiadczenie szef\u00f3w medi\u00f3w"},"content":{"rendered":"<p>Partie polityczne s\u0105 instytucjami demokratycznego pa\u0144stwa, s\u0105 te\u017c przez obywateli finansowane i z tego powodu spo\u0142ecze\u0144stwo ma prawo do informacji i krytyki ich poczyna\u0144, tak samo jak innych instytucji i w\u0142adz. G\u0142\u0119boki niepok\u00f3j budzi uniemo\u017cliwienie dziennikarzom polskich medi\u00f3w publicznych i prywatnych przeprowadzenia relacji z momentu podpisania 2 lutego br., Paktu Stabilizacyjnego przez trzy ugrupowania polityczne &#8211; wydarzenia wa\u017cnego dla polskiego spo\u0142ecze\u0144stwa.  <\/p>\n<p>W naszym przekonaniu jest to praktyka szkodliwa dla demokracji w pa\u0144stwie, w kt\u00f3rym przez wiele lat tak\u017ce dziennikarze i ludzie medi\u00f3w walczyli o wolno\u015b\u0107 s\u0142owa, mo\u017cliwo\u015b\u0107 wyra\u017cania niezale\u017cnych pogl\u0105d\u00f3w i krytyki w\u0142adzy. <\/p>\n<p>Jan Dworak &#8211; Telewizja Polska S.A. <\/p>\n<p>Andrzej Siezieniewski &#8211; Polskie Radio S.A. <\/p>\n<p>Waldemar Siwi\u0144ski &#8211; PAP <\/p>\n<p>Piotr Walter &#8211; TVN S.A. <\/p>\n<p>Adam Pieczy\u0144ski &#8211; TVN 24 <\/p>\n<p>Aleksander Myszka &#8211; Polsat S.A. <\/p>\n<p>Monika Bednarek &#8211; Radio ZET <\/p>\n<p>Grzegorz Gauden &#8211; &#8222;Rzeczpospolita&#8221; Redaktor Naczelny <\/p>\n<p>Piotr Stasi\u0144ski &#8211; &#8222;Gazeta Wyborcza&#8221; Zast\u0119pca Redaktora Naczelnego <\/p>\n","protected":false},"excerpt":{"rendered":"W zwi\u0105zku z czwartkowymi sejmowymi wydarzeniami\ni faworyzowaniem przez partie polityczne okre\u015blonych medi\u00f3w szefowie najwi\u0119kszym polskich redakcji wydali wsp\u00f3lne o\u015bwiadczenie, kt\u00f3rego tre\u015b\u0107 prezentujemy poni\u017cej.","protected":false},"author":1,"featured_media":0,"comment_status":"open","ping_status":"closed","sticky":false,"template":"","format":"standard","meta":{"csco_display_header_overlay":false,"csco_singular_sidebar":"","csco_page_header_type":"","csco_page_load_nextpost":"","csco_post_video_location":[],"csco_post_video_location_hash":"","csco_post_video_url":"","csco_post_video_bg_start_time":0,"csco_post_video_bg_end_time":0,"footnotes":""},"categories":[9670],"tags":[],"class_list":{"0":"post-81145","1":"post","2":"type-post","3":"status-publish","4":"format-standard","6":"category-tv","7":"cs-entry","8":"cs-video-wrap"},"_links":{"self":[{"href":"https:\/\/mediarun.com\/pl\/wp-json\/wp\/v2\/posts\/81145","targetHints":{"allow":["GET"]}}],"collection":[{"href":"https:\/\/mediarun.com\/pl\/wp-json\/wp\/v2\/posts"}],"about":[{"href":"https:\/\/mediarun.com\/pl\/wp-json\/wp\/v2\/types\/post"}],"author":[{"embeddable":true,"href":"https:\/\/mediarun.com\/pl\/wp-json\/wp\/v2\/users\/1"}],"replies":[{"embeddable":true,"href":"https:\/\/mediarun.com\/pl\/wp-json\/wp\/v2\/comments?post=81145"}],"version-history":[{"count":0,"href":"https:\/\/mediarun.com\/pl\/wp-json\/wp\/v2\/posts\/81145\/revisions"}],"wp:attachment":[{"href":"https:\/\/mediarun.com\/pl\/wp-json\/wp\/v2\/media?parent=81145"}],"wp:term":[{"taxonomy":"category","embeddable":true,"href":"https:\/\/mediarun.com\/pl\/wp-json\/wp\/v2\/categories?post=81145"},{"taxonomy":"post_tag","embeddable":true,"href":"https:\/\/mediarun.com\/pl\/wp-json\/wp\/v2\/tags?post=81145"}],"curies":[{"name":"wp","href":"https:\/\/api.w.org\/{rel}","templated":true}]}}