{"id":81139,"date":"2006-02-03T20:22:35","date_gmt":"2006-02-03T19:22:35","guid":{"rendered":"https:\/\/mediarun.com\/index.php\/news-posts\/konferencja-granice-europy\/"},"modified":"2006-02-03T20:22:35","modified_gmt":"2006-02-03T19:22:35","slug":"konferencja-granice-europy","status":"publish","type":"post","link":"https:\/\/mediarun.com\/pl\/media\/prasa\/konferencja-granice-europy.html","title":{"rendered":"Konferencja &#8220;Granice Europy&#8221;"},"content":{"rendered":"<p>Club of Three to nieformalne forum maj\u0105ce na celu budowanie i pog\u0142\u0119bianie wzajemnego zrozumienia w stosunkach mi\u0119dzy trzema krajami: Wielk\u0105 Brytani\u0105, Francj\u0105 i Niemcami. Powsta\u0142o w latach 90-tych XX wieku z inicjatywy brytyjskiego intelektualisty i wydawcy &#8211; Lorda George`a Weidenfelda. Forum zwykle dwa razy w roku organizuje spotkania przedstawicieli \u015bwiata biznesu, polityki i medi\u00f3w, na kt\u00f3rych prowadzone s\u0105 nieformalne dyskusje na temat stosunk\u00f3w mi\u0119dzy tymi krajami. <\/p>\n<p>Opr\u00f3cz regularnych spotka\u0144, Club of Three organizuje tak\u017ce &#8222;sesje specjalne&#8221; zwi\u0105zane z konkretnym wybranym tematem, do tej pory odby\u0142o si\u0119 ju\u017c osiem tego typu spotka\u0144: w Waszyngtonie, Londynie, Moskwie i Frankfurcie. Lutowe spotkanie w Warszawie b\u0119dzie dziewi\u0105t\u0105 konferencj\u0105 z tego cyklu.<\/p>\n<p>Konferencja &#8222;The Frontiers of Europe&#8221; b\u0119dzie sk\u0142ada\u0107 si\u0119 z trzech sesji tematycznych: &#8222;Kszta\u0142t Europy?&#8221;, &#8222;Granice Europy&#8221; oraz &#8222;Europa pomi\u0119dzy Ameryk\u0105 i Rosj\u0105&#8221;. Dyskusje poprowadz\u0105 m.in. Danuta H\u00fcbner. Komisarz Unii Europejskiej, Lord Weidenfeld, prezes Club of Three, Mathias D\u00f6pfner, prezes Axel Springer AG, Denis MacShane, cz\u0142onek parlamentu Wielkiej Brytanii, Peter Chase, dyrektor departamentu stanu USA ds. Unii Europejskiej, Sergei Karaganov, zast\u0119pca dyrektora Instytutu Europejskiego Rosyjskiej Akademii Nauk, Stanis\u0142aw Komorowski, podsekretarz stanu w Ministerstwie Spraw Zagranicznych i Aleksander Smolar, prezes Fundacji Batorego. Konferencj\u0119 otworzy minister obrony narodowej Rados\u0142aw Sikorski.<\/p>\n<p>W uroczystej kolacji ko\u0144cz\u0105cej pierwszy dzie\u0144 Konferencji sw\u00f3j udzia\u0142 zapowiedzieli premier Kazimierz Marcinkiewicz oraz minister spraw zagranicznych Stefan Meller,  a tak\u017ce inni przedstawiciele \u015bwiata polityki, nauki, medi\u00f3w i biznesu.<\/p>\n<p>Rozmowy podczas konferencji Club of Three prowadzone s\u0105 zgodnie z regu\u0142\u0105 Chatham House &#8211; s\u0105 zamkni\u0119te dla dziennikarzy. Dzi\u0119ki temu panuje atmosfera sprzyjaj\u0105ca swobodnej wymianie pogl\u0105d\u00f3w i dyskusjom.<\/p>\n<p>Sponsorem Konferencji &#8222;Frontiers of Europe&#8221; jest Bank Pekao SA. <\/p>\n<p>Patronem medialnym przedsi\u0119wzi\u0119cia jest stacja TVN 24, kt\u00f3ra b\u0119dzie relacjonowa\u0107 wybrane fragmenty obrad.<\/p>\n","protected":false},"excerpt":{"rendered":"3 i 4 lutego Club of Three oraz Axel Springer Polska organizuj\u0105 konferencj\u0119 &#8222;The Frontiers of Europe&#8221; (&#8222;Granice Europy&#8221;), kt\u00f3ra na Zamku Kr\u00f3lewskim w Warszawie zgromadzi przedstawicieli elit intelektualnych oraz politycznych z kraju i zagranicy.","protected":false},"author":1,"featured_media":81140,"comment_status":"open","ping_status":"closed","sticky":false,"template":"","format":"standard","meta":{"csco_display_header_overlay":false,"csco_singular_sidebar":"","csco_page_header_type":"","csco_page_load_nextpost":"","csco_post_video_location":[],"csco_post_video_location_hash":"","csco_post_video_url":"","csco_post_video_bg_start_time":0,"csco_post_video_bg_end_time":0,"footnotes":""},"categories":[9673],"tags":[],"class_list":{"0":"post-81139","1":"post","2":"type-post","3":"status-publish","4":"format-standard","5":"has-post-thumbnail","7":"category-prasa","8":"cs-entry","9":"cs-video-wrap"},"_links":{"self":[{"href":"https:\/\/mediarun.com\/pl\/wp-json\/wp\/v2\/posts\/81139","targetHints":{"allow":["GET"]}}],"collection":[{"href":"https:\/\/mediarun.com\/pl\/wp-json\/wp\/v2\/posts"}],"about":[{"href":"https:\/\/mediarun.com\/pl\/wp-json\/wp\/v2\/types\/post"}],"author":[{"embeddable":true,"href":"https:\/\/mediarun.com\/pl\/wp-json\/wp\/v2\/users\/1"}],"replies":[{"embeddable":true,"href":"https:\/\/mediarun.com\/pl\/wp-json\/wp\/v2\/comments?post=81139"}],"version-history":[{"count":0,"href":"https:\/\/mediarun.com\/pl\/wp-json\/wp\/v2\/posts\/81139\/revisions"}],"wp:featuredmedia":[{"embeddable":true,"href":"https:\/\/mediarun.com\/pl\/wp-json\/wp\/v2\/media\/81140"}],"wp:attachment":[{"href":"https:\/\/mediarun.com\/pl\/wp-json\/wp\/v2\/media?parent=81139"}],"wp:term":[{"taxonomy":"category","embeddable":true,"href":"https:\/\/mediarun.com\/pl\/wp-json\/wp\/v2\/categories?post=81139"},{"taxonomy":"post_tag","embeddable":true,"href":"https:\/\/mediarun.com\/pl\/wp-json\/wp\/v2\/tags?post=81139"}],"curies":[{"name":"wp","href":"https:\/\/api.w.org\/{rel}","templated":true}]}}