{"id":81135,"date":"2006-02-04T11:15:40","date_gmt":"2006-02-04T10:15:40","guid":{"rendered":"https:\/\/mediarun.com\/index.php\/news-posts\/mundial-w-tvp-i-polsacie-3\/"},"modified":"2006-02-04T11:15:40","modified_gmt":"2006-02-04T10:15:40","slug":"mundial-w-tvp-i-polsacie-3","status":"publish","type":"post","link":"https:\/\/mediarun.com\/pl\/media\/tv\/mundial-w-tvp-i-polsacie-3.html","title":{"rendered":"Mundial w TVP i Polsacie"},"content":{"rendered":"<p>Jak wynika z informacji Super Expressu, zakup praw do transmisji mistrzostw \u015bwiata przez TVP i Polsat jest ju\u017c przes\u0105dzony. Polskim stacjom telewizyjnym i sp\u00f3\u0142ce Infront, kt\u00f3ra zajmuje si\u0119 sprzeda\u017c\u0105 praw, uda\u0142o si\u0119 doj\u015b\u0107 do porozumienia w kwestii ceny. <\/p>\n<p>Pocz\u0105tkowo Infront chcia\u0142 od polskich nadawc\u00f3w 20 mln euro za mo\u017cliwo\u015b\u0107 bezpo\u015bredniej transmisji mundialu. TVP i Polsat nie chcieli zap\u0142aci\u0107 wi\u0119cej, ni\u017c 10 mln euro. Strony posz\u0142y na kompromis. Jak pisze Super Express, Infront obni\u017cy\u0142 cen\u0119, a nadawcy zdecydowali si\u0119 zap\u0142aci\u0107 nieco wi\u0119cej.<\/p>\n<p>Szefowie Telewizji Polskiej i Polsatu nie chcieli komentowa\u0107 doniesie\u0144 Super Expressu. Jeden z dziennikarzy p\u0142atnego kana\u0142u Polsat Sport powiedzia\u0142 natomiast, \u017ce mundial b\u0119dzie mo\u017cna zobaczy\u0107 na antenie jego stacji na 99,9 proc. <\/p>\n<p>Wsp\u00f3lny zakup praw do transmisji mistrzostw \u015bwiata w pi\u0142ce no\u017cnej 2006, oznacza powt\u00f3rzenie sytuacji z 2002 roku. Wtedy prawa zakupi\u0142 Polsat, a nast\u0119pnie odsprzeda\u0142 ich cz\u0119\u015b\u0107 Telewizji Polskiej. <\/p>\n<p>Wszystko wskazuje na to, \u017ce widzowie b\u0119d\u0105 mogli ogl\u0105da\u0107 mistrzostwa \u015bwiata na co najmniej 4 kana\u0142ach, w tym trzech og\u00f3lnodost\u0119pnych: TVP1, TVP2 i Polsat, oraz na jednym p\u0142atnym: Polsat Sport. Nie wiadomo na razie, czy TVP planuje transmitowanie mundialu na swoim kanale sportowym TVP Sport, kt\u00f3ry ma wystartowa\u0107 jeszcze w tym roku. <\/p>\n","protected":false},"excerpt":{"rendered":"Polscy kibice mog\u0105 odetchn\u0105c z ulg\u0105. Jak donosi Super Express, Telewizja Polska i Polsat chc\u0105 kupi\u0107 wsp\u00f3lnie prawa do transmisji tegorocznych mistrzostw \u015bwiata w pi\u0142ce no\u017cnej, kt\u00f3re odbywaj\u0105 si\u0119 w Niemczech. Do transakcji mo\u017ce doj\u015b\u0107 &#8211; zdaniem gazety &#8211; ju\u017c w ten weekend. Oficjalnie zakup praw do transmisji mia\u0142by zosta\u0107 og\u0142oszony w poniedzia\u0142ek.","protected":false},"author":1,"featured_media":0,"comment_status":"open","ping_status":"closed","sticky":false,"template":"","format":"standard","meta":{"csco_display_header_overlay":false,"csco_singular_sidebar":"","csco_page_header_type":"","csco_page_load_nextpost":"","csco_post_video_location":[],"csco_post_video_location_hash":"","csco_post_video_url":"","csco_post_video_bg_start_time":0,"csco_post_video_bg_end_time":0,"footnotes":""},"categories":[9670],"tags":[],"class_list":{"0":"post-81135","1":"post","2":"type-post","3":"status-publish","4":"format-standard","6":"category-tv","7":"cs-entry","8":"cs-video-wrap"},"_links":{"self":[{"href":"https:\/\/mediarun.com\/pl\/wp-json\/wp\/v2\/posts\/81135","targetHints":{"allow":["GET"]}}],"collection":[{"href":"https:\/\/mediarun.com\/pl\/wp-json\/wp\/v2\/posts"}],"about":[{"href":"https:\/\/mediarun.com\/pl\/wp-json\/wp\/v2\/types\/post"}],"author":[{"embeddable":true,"href":"https:\/\/mediarun.com\/pl\/wp-json\/wp\/v2\/users\/1"}],"replies":[{"embeddable":true,"href":"https:\/\/mediarun.com\/pl\/wp-json\/wp\/v2\/comments?post=81135"}],"version-history":[{"count":0,"href":"https:\/\/mediarun.com\/pl\/wp-json\/wp\/v2\/posts\/81135\/revisions"}],"wp:attachment":[{"href":"https:\/\/mediarun.com\/pl\/wp-json\/wp\/v2\/media?parent=81135"}],"wp:term":[{"taxonomy":"category","embeddable":true,"href":"https:\/\/mediarun.com\/pl\/wp-json\/wp\/v2\/categories?post=81135"},{"taxonomy":"post_tag","embeddable":true,"href":"https:\/\/mediarun.com\/pl\/wp-json\/wp\/v2\/tags?post=81135"}],"curies":[{"name":"wp","href":"https:\/\/api.w.org\/{rel}","templated":true}]}}