{"id":81133,"date":"2006-02-04T17:08:18","date_gmt":"2006-02-04T16:08:18","guid":{"rendered":"https:\/\/mediarun.com\/index.php\/news-posts\/lawina-krytyki-rzeczpospolitej\/"},"modified":"2006-02-04T17:08:18","modified_gmt":"2006-02-04T16:08:18","slug":"lawina-krytyki-rzeczpospolitej","status":"publish","type":"post","link":"https:\/\/mediarun.com\/pl\/media\/prasa\/lawina-krytyki-rzeczpospolitej.html","title":{"rendered":"Lawina krytyki &#8222;Rzeczpospolitej&#8221;"},"content":{"rendered":"<p>Demonstranci uderzyli w ambasady kraj\u00f3w skandynawskich i Danii, kt\u00f3rej prasa jako pierwsza opublikowa\u0142a karykatury proroka Mahometa. Premier tego kraju nie chcia\u0142 przeprasza\u0107 &#8211; jak to uj\u0105\u0142 &#8222;za woln\u0105 pras\u0119&#8221;. Po publikacji przedruki karykatur trafi\u0142y do gazet innych europejskich kraj\u00f3w &#8211; tym skandynawskich. Zaprezentowa\u0142a je te\u017c &#8222;Rzeczpospolita&#8221;, powi\u0105zana z norweskim koncernem Orkla Media. Murem za gazet\u0105 stoi jej naczelny &#8211; Grzegorz Gauden. Wed\u0142ug niego kraje islamskie chc\u0105 wp\u0142ywa\u0107 na wolno\u015b\u0107 s\u0142owa w Europie. <\/p>\n<p><?plik(4345,'right','Ok\u0142adka France Soir z 1 stycznia 2006 r. \/ fot. marrakesh.info')?><\/p>\n<p>Czemu publikacje doprowadzi\u0142y do tak ogromnych zamieszek? &#8211; Jak zareagowa\u0142by redaktor Gauden na rysunek przedstawiaj\u0105cy nagiego Jana Paw\u0142a II? &#8211; pyta Igor Janke w politycznym blogu na \u0142amach portalu Onet.pl. Podobne zdanie maj\u0105 arabi\u015bci. Religia Islamu nie pozwala nawet na tworzenie obraz\u00f3w Boga. Decyzj\u0119 redaktora naczelnego &#8222;Rzeczpospolitej&#8221; pot\u0119pia te\u017c wielu przedstawicieli \u015brodowiska dziennikarskiego. <\/p>\n<p>Sprawa publikacji &#8222;Rzeczpospolitej&#8221; przewin\u0119\u0142a si\u0119 w niedzielnych rozmowach polityk\u00f3w na antenie Radia Zet i radiowej &#8222;Tr\u00f3jki&#8221;. Przeciwko przepraszaniu Muzu\u0142man\u00f3w opowiedzia\u0142 si\u0119 Bronis\u0142aw Geremek. Przeciwko &#8222;naigrywaniu si\u0119&#8221; z religii opowiedzia\u0142 si\u0119 Jan Rokita. Liderzy PiS, Samoobrony i LPR podkre\u015blili, i\u017c w przypadku symboli religijnych &#8211; nie mamy do czynienia z satyr\u0105. Przewodnicz\u0105cy SLD Wojciech Olejniczak zasugerowa\u0142, i\u017c premier powinien zapewni\u0107 kraje islamskie, o tym \u017ce Polska jest daleko od konfliktu. Jednocze\u015bnie stwierdzi\u0142, \u017ce jest daleki od pot\u0119pienia polskiego dziennika. <\/p>\n<p>Sprawa &#8222;Rzeczpospolitej&#8221; przewin\u0119\u0142a si\u0119 te\u017c przez sobotni program Radia Maryja. Jedna z telefonuj\u0105cych do studia s\u0142uchaczek postulowa\u0142a odebranie &#8222;Rzeczpospolitej&#8221; nazwy, kt\u00f3ra jest zbie\u017cna z nazw\u0105 pa\u0144stwa polskiego. <\/p>\n<p>&#8211; Media europejskie s\u0105 pluralistyczne. Niekt\u00f3re z nich prowokuj\u0105, obra\u017caj\u0105, nie przejmuj\u0105 si\u0119 przekonaniami, wiar\u0105, inne staj\u0105 zdecydowanie w obronie warto\u015bci, religii i Boga. Dzieje si\u0119 tak, bo dla Europy, dla cywilizacji zachodniej wolno\u015b\u0107 s\u0142owa jest warto\u015bci\u0105 fundamentaln\u0105. Ci, kt\u00f3rzy czuj\u0105 si\u0119 dotkni\u0119ci, uwa\u017caj\u0105, \u017ce jest nadu\u017cywana, mog\u0105 dochodzi\u0107 swoich racji tak\u017ce w s\u0105dzie. I jest to jedyna akceptowana w \u015bwiecie demokracji droga. &#8211; napisa\u0142 w specjalnym o\u015bwiadczeniu Grzegorz Gauden, redaktor naczelny &#8222;Rzeczpospolitej&#8221;. <\/p>\n","protected":false},"excerpt":{"rendered":"Tysi\u0105ce demonstrant\u00f3w wysz\u0142o na ulice wielu kraj\u00f3w &#8211; protestuj\u0105c przeciwko prasowym publikacjom karykatur proroka Mahometa. W Polsce zamieszczono cz\u0119\u015b\u0107 z nich na \u0142amach &#8222;Rzeczpospolitej&#8221;. Dziennik zosta\u0142 skrytykowany przez premiera Kazimierza Marcinkiewicza. Szef MSZ Stefan Meller przeprosi\u0142 wyznawc\u00f3w Islamu.","protected":false},"author":1,"featured_media":81134,"comment_status":"open","ping_status":"closed","sticky":false,"template":"","format":"standard","meta":{"csco_display_header_overlay":false,"csco_singular_sidebar":"","csco_page_header_type":"","csco_page_load_nextpost":"","csco_post_video_location":[],"csco_post_video_location_hash":"","csco_post_video_url":"","csco_post_video_bg_start_time":0,"csco_post_video_bg_end_time":0,"footnotes":""},"categories":[9673],"tags":[],"class_list":{"0":"post-81133","1":"post","2":"type-post","3":"status-publish","4":"format-standard","5":"has-post-thumbnail","7":"category-prasa","8":"cs-entry","9":"cs-video-wrap"},"_links":{"self":[{"href":"https:\/\/mediarun.com\/pl\/wp-json\/wp\/v2\/posts\/81133","targetHints":{"allow":["GET"]}}],"collection":[{"href":"https:\/\/mediarun.com\/pl\/wp-json\/wp\/v2\/posts"}],"about":[{"href":"https:\/\/mediarun.com\/pl\/wp-json\/wp\/v2\/types\/post"}],"author":[{"embeddable":true,"href":"https:\/\/mediarun.com\/pl\/wp-json\/wp\/v2\/users\/1"}],"replies":[{"embeddable":true,"href":"https:\/\/mediarun.com\/pl\/wp-json\/wp\/v2\/comments?post=81133"}],"version-history":[{"count":0,"href":"https:\/\/mediarun.com\/pl\/wp-json\/wp\/v2\/posts\/81133\/revisions"}],"wp:featuredmedia":[{"embeddable":true,"href":"https:\/\/mediarun.com\/pl\/wp-json\/wp\/v2\/media\/81134"}],"wp:attachment":[{"href":"https:\/\/mediarun.com\/pl\/wp-json\/wp\/v2\/media?parent=81133"}],"wp:term":[{"taxonomy":"category","embeddable":true,"href":"https:\/\/mediarun.com\/pl\/wp-json\/wp\/v2\/categories?post=81133"},{"taxonomy":"post_tag","embeddable":true,"href":"https:\/\/mediarun.com\/pl\/wp-json\/wp\/v2\/tags?post=81133"}],"curies":[{"name":"wp","href":"https:\/\/api.w.org\/{rel}","templated":true}]}}