{"id":81131,"date":"2006-02-04T17:09:16","date_gmt":"2006-02-04T16:09:16","guid":{"rendered":"https:\/\/mediarun.com\/index.php\/news-posts\/rzadowa-telewizja-trwam\/"},"modified":"2006-02-04T17:09:16","modified_gmt":"2006-02-04T16:09:16","slug":"rzadowa-telewizja-trwam","status":"publish","type":"post","link":"https:\/\/mediarun.com\/pl\/ludzie\/wywiad\/rzadowa-telewizja-trwam.html","title":{"rendered":"Rz\u0105dowa telewizja Trwam"},"content":{"rendered":"<p>Cz\u0119ste wizyty ministr\u00f3w i szefa rz\u0105du w Toruniu, bezpo\u015brednia relacja z podpisania paktu stabilizacyjnego &#8211; to ju\u017c sta\u0142y zwyczaj medi\u00f3w o. Rydzyka. Sam zainteresowany sugeruje, \u017ce katolickich. Ko\u015bci\u00f3\u0142 coraz wyra\u017aniej odcina si\u0119 od dzia\u0142alno\u015bci kontrowersyjnego redemptorysty. <\/p>\n<p>&#8211; W zwi\u0105zku ze znanymi wydarzeniami, jakie mia\u0142y miejsce podczas spotka\u0144 z dziennikarzami przy okazji zawarcia paktu stabilizacyjnego, informuje si\u0119, \u017ce uczestnicz\u0105ce w nich media wi\u0105zane z Ko\u015bcio\u0142em nie dzia\u0142a\u0142y w jego imieniu. Poczynania te nie by\u0142y konsultowane z \u017cadnym gremium statutowym KEP. &#8211; czytamy w komunikacie biura prasowego &#8222;Konferencji Episkopatu Polski&#8221;. &#8211;  Konferencja Episkopatu Polski zawsze opowiada\u0142a si\u0119 za jednakowym dost\u0119pem wszystkich medi\u00f3w do informacji dotycz\u0105cych \u017cycia publicznego.- pisze ks. dr J\u00f3zef Kloch,  rzecznik KEP. <\/p>\n<p>Dlaczego ko\u015bci\u00f3\u0142 zareagowa\u0142 tak natychmiastowo? W Polsce nie by\u0142o jeszcze ekipy, kt\u00f3rej uda\u0142oby si\u0119 rz\u0105dzi\u0107 d\u0142u\u017cej ni\u017c jedn\u0105 kadencj\u0119. Najp\u00f3\u017aniej za 4 lata po cyklicznym ju\u017c rozczarowaniu Polak\u00f3w rz\u0105dz\u0105cymi &#8211; win\u0105 za niespe\u0142nione obietnice mo\u017ce by\u0107 obarczany ko\u015bci\u00f3\u0142. Nawet Jaros\u0142aw Kaczy\u0144ski t\u0142umacz\u0105c, dlaczego wybrano w\u0142a\u015bnie Telewizj\u0119 Trwam do transmisji tak istotnego wydarzenia &#8211; nie ukrywa\u0142, i\u017c o. Tadeusz Rydzyk odegra\u0142 ogromn\u0105 rol\u0119 w doprowadzeniu do podpisania aktu stabilizacyjnego. <\/p>\n<p><?plik(1154,'right','Antena satelitarna TV Trwam\/ fot. satkurier')?><br \/>\nTelewizja Trwam ponad wszelk\u0105 w\u0105tpliwo\u015b\u0107 ceni sobie indywidualizm i odosobnienie. Wraz z Radiem Maryja nadaje sw\u00f3j program dla Polak\u00f3w w kraju i zagranic\u0105 z satelity Astra Gdyby emisja odbywa\u0142a si\u0119 z Hot Birda &#8211; dost\u0119p do medi\u00f3w o. Rydzyka zyskaliby automatycznie odbiorcy pakiet\u00f3w Cyfra+ i Cyfrowy Polsat. Niedawno umow\u0119 z Astr\u0105 podpisa\u0142a tak\u017ce Telewizja Polska. Co robi Trwam obok kilkudziesi\u0119ciu &#8211; g\u0142\u00f3wnie niemieckich kana\u0142\u00f3w telewizyjnych? W gr\u0119 wchodzi\u0107 mo\u017ce ekonomiczna kalkulacja. Operator satelitarny Astra &#8211; z racji wysokiej pozycji Eutelsata (w\u0142a\u015bciciela satelity Hot Bird) &#8211; zabiega\u0142 o wzgl\u0119dy polskich nadawc\u00f3w. Zwi\u0105zana z mediami o. Rydzyka fundacja Lux Veritatis oferuje odbiornik satelitarny Skymax SX 771 ST w cenie 298 z\u0142. Sprawdzili\u015bmy jego ceny w sklepach zajmuj\u0105cych si\u0119 sprzeda\u017c\u0105 sprz\u0119tu satelitarnego. W wi\u0119kszo\u015bci z nich mo\u017cna go naby\u0107 za 299 z\u0142. Za 410 z\u0142 do nabycia jest ca\u0142y zestaw satelitarny &#8211; z anten\u0105 i konwerterem w\u0142\u0105cznie. <\/p>\n<p>Wed\u0142ug Artura Zawiszy z &#8222;PiS-u&#8221; w przypadku podpisania paktu stabilizacyjnego na antenie Telewizji Trwam zastosowano praktyk\u0119 &#8222;newsa na wy\u0142\u0105czno\u015b\u0107&#8221;. Z kolei Jan Rokita (PO) i Wojciech Olejniczak (SLD) uwa\u017caj\u0105 decyzj\u0119 rz\u0105du za dokonywanie podzia\u0142u w spo\u0142ecze\u0144stwie. O &#8222;newsie na wy\u0142\u0105czno\u015b\u0107&#8221; mogliby\u015bmy m\u00f3wi\u0107, gdyby Telewizja Trwam i Radio Maryja nie mia\u0142y cech tematycznych medi\u00f3w katolickich. Media o. Rydzyka to precedens na skal\u0119 Europy. W wielu krajach dzia\u0142aj\u0105 rozg\u0142o\u015bnie i telewizje katolickie. Politycy &#8211; nawet konserwatywni trzymaj\u0105 si\u0119 jednak od nich z dala.<\/p>\n<p>O &#8222;newsie na wy\u0142\u0105czno\u015b\u0107&#8221; mogliby\u015bmy m\u00f3wi\u0107, gdyby Telewizja Trwam i Radio Maryja nie mia\u0142y cech tematycznych medi\u00f3w katolickich. Media o. Rydzyka to precedens na skal\u0119 Europy. W wielu krajach dzia\u0142aj\u0105 rozg\u0142o\u015bnie i telewizje katolickie. Politycy &#8211; nawet konserwatywni trzymaj\u0105 si\u0119 jednak od nich z dala. Czy gdyby Discovery Channel nadawa\u0142 dokumenty o roli Kaczy\u0144skich w &#8222;Solidarno\u015bci&#8221; &#8211; te\u017c m\u00f3g\u0142by dosta\u0107 &#8222;newsa na wy\u0142\u0105czno\u015b\u0107&#8221;?  <\/p>\n<p>Powoli wy\u0142aniaj\u0105 si\u0119 media A i media B. Do medi\u00f3w prorz\u0105dowych zaliczy\u0107 mo\u017cna: Telewizj\u0119 Trwam, Nasz Dziennik, Radio Maryja, a tak\u017ce dziennik Fakt &#8211; cz\u0119sto okazuj\u0105cy poparcia dla rz\u0105du. Tabloidy z regu\u0142y nie maj\u0105 okre\u015blonej linii politycznej. Jej chwilowa zbie\u017cno\u015b\u0107 z aktualnymi preferencjami politycznymi spo\u0142ecze\u0144stwa &#8211; mo\u017ce pom\u00f3c w zwi\u0119kszeniu sprzeda\u017cy. Niemal pewne jest natomiast, \u017ce do grupy medi\u00f3w B do\u0142\u0105cz\u0105 TVP i Polskie Radio &#8211; po zmianie rad nadzorczych i zarz\u0105d\u00f3w. Ich wy\u0142onienie b\u0119dzie prawdziwym egzaminem niezale\u017cno\u015bci dla KRRiT. <\/p>\n<p>W sobotni wiecz\u00f3r jedna ze s\u0142uchaczek &#8222;jedynego katolickiego g\u0142osu w Twoim domu&#8221; postulowa\u0142a odebranie &#8222;Rzeczpospolitej&#8221; prawa do nazwy &#8211; cz\u0119\u015bciowo zbie\u017cnej z nazw\u0105 pa\u0144stwa. Zwierzchnikom ko\u015bcielnym nie udaje si\u0119 nak\u0142oni\u0107 medi\u00f3w skupionych wok\u00f3\u0142 o. Rydzyka do rezygnacji z zajmowania jednoznacznego stanowiska w sprawach politycznych. Mo\u017ce warto si\u0119 zastanowi\u0107, czy nie nale\u017cy Radiu Maryja odebra\u0107 prawa do pos\u0142ugiwania si\u0119 imieniem Osoby tak wa\u017cnej dla milion\u00f3w Polak\u00f3w?<\/p>\n","protected":false},"excerpt":{"rendered":"Par\u0119 lat temu przy okazji wyst\u0119pu na festiwalu w Opolu, piosenkarz Muniek Staszczyk m\u00f3wi\u0142 o &#8222;telewizji rz\u0105dowej&#8221; &#8211; w TVP rz\u0105dzi\u0142 w\u00f3wczas Kwiatkowski. Je\u015bli dzisiaj mieliby\u015bmy wskazywa\u0107 media rz\u0105dowe, to etykiet\u0119 tak\u0105 bez trudu przyzna\u0107 mo\u017cna Telewizji Trwam.","protected":false},"author":1,"featured_media":81132,"comment_status":"open","ping_status":"closed","sticky":false,"template":"","format":"standard","meta":{"csco_display_header_overlay":false,"csco_singular_sidebar":"","csco_page_header_type":"","csco_page_load_nextpost":"","csco_post_video_location":[],"csco_post_video_location_hash":"","csco_post_video_url":"","csco_post_video_bg_start_time":0,"csco_post_video_bg_end_time":0,"footnotes":""},"categories":[45],"tags":[],"class_list":{"0":"post-81131","1":"post","2":"type-post","3":"status-publish","4":"format-standard","5":"has-post-thumbnail","7":"category-wywiad","8":"cs-entry","9":"cs-video-wrap"},"_links":{"self":[{"href":"https:\/\/mediarun.com\/pl\/wp-json\/wp\/v2\/posts\/81131","targetHints":{"allow":["GET"]}}],"collection":[{"href":"https:\/\/mediarun.com\/pl\/wp-json\/wp\/v2\/posts"}],"about":[{"href":"https:\/\/mediarun.com\/pl\/wp-json\/wp\/v2\/types\/post"}],"author":[{"embeddable":true,"href":"https:\/\/mediarun.com\/pl\/wp-json\/wp\/v2\/users\/1"}],"replies":[{"embeddable":true,"href":"https:\/\/mediarun.com\/pl\/wp-json\/wp\/v2\/comments?post=81131"}],"version-history":[{"count":0,"href":"https:\/\/mediarun.com\/pl\/wp-json\/wp\/v2\/posts\/81131\/revisions"}],"wp:featuredmedia":[{"embeddable":true,"href":"https:\/\/mediarun.com\/pl\/wp-json\/wp\/v2\/media\/81132"}],"wp:attachment":[{"href":"https:\/\/mediarun.com\/pl\/wp-json\/wp\/v2\/media?parent=81131"}],"wp:term":[{"taxonomy":"category","embeddable":true,"href":"https:\/\/mediarun.com\/pl\/wp-json\/wp\/v2\/categories?post=81131"},{"taxonomy":"post_tag","embeddable":true,"href":"https:\/\/mediarun.com\/pl\/wp-json\/wp\/v2\/tags?post=81131"}],"curies":[{"name":"wp","href":"https:\/\/api.w.org\/{rel}","templated":true}]}}