{"id":81129,"date":"2006-02-04T17:10:33","date_gmt":"2006-02-04T16:10:33","guid":{"rendered":"https:\/\/mediarun.com\/index.php\/news-posts\/fedorowicz-odchodzi-za-piosenke\/"},"modified":"2006-02-04T17:10:33","modified_gmt":"2006-02-04T16:10:33","slug":"fedorowicz-odchodzi-za-piosenke","status":"publish","type":"post","link":"https:\/\/mediarun.com\/pl\/media\/tv\/fedorowicz-odchodzi-za-piosenke.html","title":{"rendered":"Fedorowicz odchodzi za piosenk\u0119?"},"content":{"rendered":"<p>&#8211; Powsta\u0142 pogl\u0105d wyra\u017cany oczywi\u015bcie przez mniejszo\u015b\u0107, \u017ce najlepszym sposobem na uspokojenie naszej sceny politycznej by\u0142oby nam\u00f3wienie pewnych prominentnych polityk\u00f3w, by udali si\u0119 na ferie zimowe &#8211; tak mia\u0142 zapowiedzie\u0107 piosenk\u0119 o braciach Kaczy\u0144skich Jacek Fedorowicz, gdyby oczywi\u015bcie ta zosta\u0142a emitowana &#8211; jak wcze\u015bniej planowano &#8211; w ubieg\u0142y pi\u0105tek. <\/p>\n<p><?plik(4346,'right','Jacek Fedorowicz w \"Dzienniku Telewizyjnym\". Ma\u0142o kto wie, \u017ce ten program satyryczny by\u0142 przygotowywany na kasety ju\u017c w czasach PRL\/ fot. TVP')?><\/p>\n<p>W tek\u015bcie piosenki wykorzystano fragmenty przem\u00f3wienia Jaros\u0142awa Kaczy\u0144skiego. Wykonywa\u0142y j\u0105 &#8222;siostry Chojnackie bli\u017aniaczki&#8221; na melodi\u0119 &#8222;B\u0105d\u017a gotowy dzi\u015b do drogi&#8221;. &#8211; Przez 11 lat nie mia\u0142em takiego nat\u0142oku tego typu uwag, polece\u0144 konkretnych zmian. Zawsze s\u0142ucham s\u0142\u00f3w krytyki i jestem cz\u0142owiekiem koncyliacyjnym, ale s\u0105 jakie\u015b granice &#8211; m\u00f3wi Federowicz &#8222;Gazecie Wyborczej&#8221;. <\/p>\n<p>Satyrykowi zaproponowano poprowadzenie 10-minutowego informatora kulturalnego. &#8211; Rozwa\u017ca\u0142em t\u0119 propozycj\u0119, ale sprawa zdj\u0119cia tej piosenki przekona\u0142a mnie, \u017ce nie mam tu ju\u017c nic wi\u0119cej do roboty &#8211; powiedzia\u0142 Jacek Fedorowicz &#8222;Gazecie Wyborczej&#8221;. <\/p>\n<p>&#8211; Ceni\u0119 Jacka Fedorowicza, ale to jest niezale\u017cna decyzja kierownictwa &#8222;Jedynki&#8221;, kt\u00f3re chcia\u0142o zmieni\u0107 ten program na nowy, r\u00f3wnie\u017c robiony przez pana Federowicza. Rzeczywi\u015bcie ogl\u0105dalno\u015b\u0107 by\u0142a niska &#8211; stwierdzi\u0142 prezes TVP Jan Dworak w wypowiedzi dla &#8222;Gazety Wyborczej&#8221;.<\/p>\n<p>Telewizyjna kariera Jacka Fedorowicza rozpocz\u0119\u0142a si\u0119 wraz z &#8222;Dziennikiem Telewizyjnym&#8221; &#8211; b\u0119d\u0105cym parodi\u0105 sztandarowego programu informacyjnego TVP w czasach PRL. Popularno\u015b\u0107 &#8222;DT&#8221; z roku na rok spada\u0142a. Na pocz\u0105tku by\u0142 on emitowany w niedzielne popo\u0142udnie obok &#8222;\u015amiechu Warte&#8221; i ameryka\u0144skiego serialu &#8222;Dr. Quinn&#8221;. Bohaterami satyr Fedorowicza byli politycy wszystkich opcji, tak\u017ce rz\u0105dz\u0105cych &#8211; AWS, SLD i ostatnio PiS-u. Jesieni\u0105 2005 r. w\u0142adze telewizji postanowi\u0142y zast\u0105pi\u0107 go programem &#8222;SEJF&#8221; &#8211; &#8222;Subiektywny Express Jacka Federowicza&#8221;. <\/p>\n","protected":false},"excerpt":{"rendered":"Program satyryczny Jacka Fedorowicza schodzi z anteny Telewizji Polskiej. W\u0142adze na Woronicza t\u0142umacz\u0105 t\u0119 decyzj\u0119 s\u0142ab\u0105 ogl\u0105dalno\u015bci\u0105. Jednak Federowiczowi kazano usun\u0105\u0107 piosenk\u0119 o braciach Kaczy\u0144skiej z  jednego z ostatnich odcink\u00f3w.","protected":false},"author":1,"featured_media":81130,"comment_status":"open","ping_status":"closed","sticky":false,"template":"","format":"standard","meta":{"csco_display_header_overlay":false,"csco_singular_sidebar":"","csco_page_header_type":"","csco_page_load_nextpost":"","csco_post_video_location":[],"csco_post_video_location_hash":"","csco_post_video_url":"","csco_post_video_bg_start_time":0,"csco_post_video_bg_end_time":0,"footnotes":""},"categories":[9670],"tags":[],"class_list":{"0":"post-81129","1":"post","2":"type-post","3":"status-publish","4":"format-standard","5":"has-post-thumbnail","7":"category-tv","8":"cs-entry","9":"cs-video-wrap"},"_links":{"self":[{"href":"https:\/\/mediarun.com\/pl\/wp-json\/wp\/v2\/posts\/81129","targetHints":{"allow":["GET"]}}],"collection":[{"href":"https:\/\/mediarun.com\/pl\/wp-json\/wp\/v2\/posts"}],"about":[{"href":"https:\/\/mediarun.com\/pl\/wp-json\/wp\/v2\/types\/post"}],"author":[{"embeddable":true,"href":"https:\/\/mediarun.com\/pl\/wp-json\/wp\/v2\/users\/1"}],"replies":[{"embeddable":true,"href":"https:\/\/mediarun.com\/pl\/wp-json\/wp\/v2\/comments?post=81129"}],"version-history":[{"count":0,"href":"https:\/\/mediarun.com\/pl\/wp-json\/wp\/v2\/posts\/81129\/revisions"}],"wp:featuredmedia":[{"embeddable":true,"href":"https:\/\/mediarun.com\/pl\/wp-json\/wp\/v2\/media\/81130"}],"wp:attachment":[{"href":"https:\/\/mediarun.com\/pl\/wp-json\/wp\/v2\/media?parent=81129"}],"wp:term":[{"taxonomy":"category","embeddable":true,"href":"https:\/\/mediarun.com\/pl\/wp-json\/wp\/v2\/categories?post=81129"},{"taxonomy":"post_tag","embeddable":true,"href":"https:\/\/mediarun.com\/pl\/wp-json\/wp\/v2\/tags?post=81129"}],"curies":[{"name":"wp","href":"https:\/\/api.w.org\/{rel}","templated":true}]}}