{"id":81084,"date":"2006-02-06T15:22:30","date_gmt":"2006-02-06T14:22:30","guid":{"rendered":"https:\/\/mediarun.com\/index.php\/news-posts\/gauden-przeprasza\/"},"modified":"2006-02-06T15:22:30","modified_gmt":"2006-02-06T14:22:30","slug":"gauden-przeprasza","status":"publish","type":"post","link":"https:\/\/mediarun.com\/pl\/media\/prasa\/gauden-przeprasza.html","title":{"rendered":"Gauden przeprasza"},"content":{"rendered":"<p>&#8211; W imieniu spo\u0142eczno\u015bci muzu\u0142ma\u0144skiej w Polsce \u017c\u0105dam od pana publicznych przeprosin za obraz\u0119 naszych uczu\u0107 religijnych i zado\u015b\u0107 uczynienia za poniesione przez spo\u0142eczno\u015b\u0107 muzu\u0142ma\u0144sk\u0105 rany duchowego cierpienia. &#8211; protestuje Muzu\u0142ma\u0144ski Zwi\u0105zek Religijny w RP. <\/p>\n<p>Grzegorz Gauden nadal uwa\u017ca, i\u017c wyst\u0105pi\u0142 w obronie wolno\u015bci prasy. Muzu\u0142ma\u0144ski Zwi\u0105zek Religijny grozi &#8222;Rzeczpospolitej&#8221; prokuratur\u0105. Zawiadomienie o pope\u0142nienimu przest\u0119pstwa wp\u0142ynie do prokuratury, je\u015bli &#8222;Rzeczpospolita&#8221; nie zmieni dotychczasowego stanowiska &#8211; t\u0142umacz\u0105 dzia\u0142acze zwi\u0105zku. Gauden ma te\u017c dosta\u0107 zakaz wjazdu do kraj\u00f3w islamskich.<\/p>\n<p>Nie brakuje te\u017c g\u0142os\u00f3w broni\u0105cych &#8222;Rzeczpospolitej&#8221;. W obronie dziennika stan\u0105\u0142 zast\u0119pca redaktora naczelnego jego konkurenta &#8211; &#8222;Gazety Wyborczej&#8221;. Piotr Stasi\u0144ski pr\u00f3bowa\u0142 t\u0142umaczy\u0107  decyzj\u0119 konkurenta na antenie TVN24. <\/p>\n<p><?plik(4351,'right','\"Rzeczpospolita\" - niegdy\u015b dziennik o prawicowej linii - dzisiaj coraz bli\u017cszy ideologicznie \"Gazecie Wyborczej\"\/ fot. Rzeczpospolita')?><\/p>\n<p>&#8211; Wszystkie wyst\u0105pienia &#8211; zw\u0142aszcza krytyczne &#8211; traktujemy niezwykle powa\u017cnie. Nie mo\u017cemy jednak zgodzi\u0107 si\u0119 na przypisywanie nam nieprawdziwych intencji: podsycania nienawi\u015bci religijnej i etnicznej. Nie chcieli\u015bmy i nie chcemy nikogo poni\u017cy\u0107 ani obrazi\u0107. Nie \u017cywimy do nikogo nienawi\u015bci. Troska o bezpiecze\u0144stwo Polski ma dla nas ogromne znaczenie. &#8211; komentuje zamieszanie wok\u00f3\u0142 publikacji karykatur Krzysztof Gottesman <\/p>\n<p>&#8211; Podtrzymujemy jednak s\u0142uszno\u015b\u0107 podj\u0119tej decyzji. Przypomnijmy, \u017ce zdecydowali\u015bmy si\u0119 na przedruk, tak jak sporo redakcji w Europie i nie tylko, dopiero w\u00f3wczas, gdy w wielu miastach odby\u0142y si\u0119 agresywne demonstracje radykalnych muzu\u0142man\u00f3w, skierowane nie przeciwko autorom karykatur czy redakcjom, ale ca\u0142ym spo\u0142ecze\u0144stwom i narodom Zachodu. &#8211; pisze Gottesman na \u0142amach &#8222;Rzeczpospolitej&#8221;<\/p>\n","protected":false},"excerpt":{"rendered":"&#8211; Nasz\u0105 intencj\u0105 nie by\u0142o obra\u017cenie kogokolwiek. Je\u015bli do tego dosz\u0142o &#8211; przepraszam &#8211; powiedzia\u0142 redaktor naczelny &#8222;Rzeczpospolitej&#8221; Grzegorz Gauden na antenie Radia Zet. Przeprosiny nie satysfakcjonuj\u0105 w zupe\u0142no\u015bci spo\u0142eczno\u015bci muzu\u0142ma\u0144skiej.","protected":false},"author":1,"featured_media":81085,"comment_status":"open","ping_status":"closed","sticky":false,"template":"","format":"standard","meta":{"csco_display_header_overlay":false,"csco_singular_sidebar":"","csco_page_header_type":"","csco_page_load_nextpost":"","csco_post_video_location":[],"csco_post_video_location_hash":"","csco_post_video_url":"","csco_post_video_bg_start_time":0,"csco_post_video_bg_end_time":0,"footnotes":""},"categories":[9673],"tags":[],"class_list":{"0":"post-81084","1":"post","2":"type-post","3":"status-publish","4":"format-standard","5":"has-post-thumbnail","7":"category-prasa","8":"cs-entry","9":"cs-video-wrap"},"_links":{"self":[{"href":"https:\/\/mediarun.com\/pl\/wp-json\/wp\/v2\/posts\/81084","targetHints":{"allow":["GET"]}}],"collection":[{"href":"https:\/\/mediarun.com\/pl\/wp-json\/wp\/v2\/posts"}],"about":[{"href":"https:\/\/mediarun.com\/pl\/wp-json\/wp\/v2\/types\/post"}],"author":[{"embeddable":true,"href":"https:\/\/mediarun.com\/pl\/wp-json\/wp\/v2\/users\/1"}],"replies":[{"embeddable":true,"href":"https:\/\/mediarun.com\/pl\/wp-json\/wp\/v2\/comments?post=81084"}],"version-history":[{"count":0,"href":"https:\/\/mediarun.com\/pl\/wp-json\/wp\/v2\/posts\/81084\/revisions"}],"wp:featuredmedia":[{"embeddable":true,"href":"https:\/\/mediarun.com\/pl\/wp-json\/wp\/v2\/media\/81085"}],"wp:attachment":[{"href":"https:\/\/mediarun.com\/pl\/wp-json\/wp\/v2\/media?parent=81084"}],"wp:term":[{"taxonomy":"category","embeddable":true,"href":"https:\/\/mediarun.com\/pl\/wp-json\/wp\/v2\/categories?post=81084"},{"taxonomy":"post_tag","embeddable":true,"href":"https:\/\/mediarun.com\/pl\/wp-json\/wp\/v2\/tags?post=81084"}],"curies":[{"name":"wp","href":"https:\/\/api.w.org\/{rel}","templated":true}]}}