{"id":81082,"date":"2006-02-06T15:27:53","date_gmt":"2006-02-06T14:27:53","guid":{"rendered":"https:\/\/mediarun.com\/index.php\/news-posts\/krrit-kruk-zastapila-waniek\/"},"modified":"2006-02-06T15:27:53","modified_gmt":"2006-02-06T14:27:53","slug":"krrit-kruk-zastapila-waniek","status":"publish","type":"post","link":"https:\/\/mediarun.com\/pl\/media\/tv\/krrit-kruk-zastapila-waniek.html","title":{"rendered":"KRRiT: Kruk zast\u0105pi\u0142a Waniek"},"content":{"rendered":"<p>El\u017cbieta Ma\u0142gorzata Kruk urodzona w 1959 r. w Lublinie &#8211; jest absolwentk\u0105 Wydzia\u0142u Humanistycznego KUL. W jesiennych wyborach parlamentarnych dosta\u0142a si\u0119 do Sejmu z listy Prawa i Sprawiedliwo\u015bci. Jest cz\u0142onkiem komisji ds. s\u0142u\u017cb specjalnych.<\/p>\n<p>-&#8221; Chcia\u0142bym bardzo jasno zadeklarowa\u0107, \u017ce powo\u0142uj\u0105c na cz\u0142onk\u00f3w Rady Pani\u0105 &#8211; do niedawna pose\u0142 &#8211; El\u017cbiet\u0119 Kruk i Pana Dziomdzior\u0119 kierowa\u0142em si\u0119 oczywi\u015bcie, je\u015bli chodzi o moj\u0105 d\u0142ugoletni\u0105 wsp\u00f3\u0142pracownic\u0119 zasad\u0105 zaufania, kierowa\u0142em si\u0119 te\u017c zasad\u0105 czysto merytoryczn\u0105 i musz\u0119 powiedzie\u0107, \u017ce moje drogi dot\u0105d bardzo niewiele razy, dwa, czy trzy skrzy\u017cowa\u0142y si\u0119 z drog\u0105 Pana Dziomdziory. Znamy si\u0119 niewiele ale wiem, \u017ce Pan jest znakomitym specjalist\u0105, mimo m\u0142odego wieku, od prawa medialnego.&#8221; &#8211; m\u00f3wi\u0142 6 lutego prezydent Lech Kaczy\u0144ski.<\/p>\n<p><?plik(4352,'right','By\u0142a przewodnicz\u0105ca KRRiT Danuta Waniek nie daje za wygran\u0105 - zamierza s\u0105dowo ubiega\u0107 si\u0119 o rekompensat\u0119 z powodu skr\u00f3cenia jej kadencji w Radzie\/ fot. TVP')?><\/p>\n<p>Prezydent chcia\u0142by, aby media reprezentuj\u0105ce interesy okre\u015blonych grup &#8211; nie ukrywa\u0142y swego subiektywizmu. &#8211; Mog\u0119 powiedzie\u0107, \u017ce na przyk\u0142ad niespecjalnie oburzam si\u0119 opiniami wyra\u017canymi przez pismo &#8222;Trybuna&#8221;, chocia\u017c one s\u0105 w stosunku do mojej osoby, \u015brodowisk politycznych, z kt\u00f3rymi jestem zwi\u0105zany skrajnie nieobiektywne, ale wiadomo kogo &#8222;Trybuna&#8221; reprezentuje . Wiadomo, \u017ce to nie jest pismo, kt\u00f3re wyst\u0119puje z pozycji pisma apolitycznego i przekazuj\u0105cego jedynie obiektywne informacje. I to jest, mo\u017cna powiedzie\u0107, to czego ja jako Prezydent  chcia\u0142bym od medi\u00f3w. &#8211; powiedzia\u0142 Kaczy\u0144ski.<\/p>\n<p>-&#8222;Powtarzam&#8211; nie ma demokracji bez informacji. I to bez informacji, kt\u00f3ra odpowiada rzeczywisto\u015bci i nie jest informacj\u0105 selekcjonowan\u0105. Do tego powinni\u015bmy d\u0105\u017cy\u0107. To jest problem, kt\u00f3ry wyst\u0119puje nie tylko w naszym kraju, to jest problem, kt\u00f3ry wyst\u0119puje w skali Europy, ca\u0142ego wolnego \u015bwiata, ale to, \u017ce wyst\u0119puje w skali ca\u0142ego wolnego \u015bwiata, to nie oznacza, \u017ce nie trzeba pr\u00f3bowa\u0107 mu zaradzi\u0107.&#8221; &#8211; doda\u0142 prezydent<\/p>\n","protected":false},"excerpt":{"rendered":"Nast\u0119pc\u0105 Danuty Waniek, dotychczasowej przewodnicz\u0105cej KRRiT zosta\u0142a El\u017cbieta Kruk &#8211; do 31 stycznia 2006 r. pos\u0142anka &#8222;Prawa i Sprawiedliwo\u015bci&#8221;. Prezydent Lech Kaczy\u0144ski przy okazji powo\u0142ywania nowej szefowej KRRiT skrytykowa\u0142 dziennik &#8222;Trybuna&#8221; -za brak obiektywno\u015bci.","protected":false},"author":1,"featured_media":81083,"comment_status":"open","ping_status":"closed","sticky":false,"template":"","format":"standard","meta":{"csco_display_header_overlay":false,"csco_singular_sidebar":"","csco_page_header_type":"","csco_page_load_nextpost":"","csco_post_video_location":[],"csco_post_video_location_hash":"","csco_post_video_url":"","csco_post_video_bg_start_time":0,"csco_post_video_bg_end_time":0,"footnotes":""},"categories":[9670],"tags":[],"class_list":{"0":"post-81082","1":"post","2":"type-post","3":"status-publish","4":"format-standard","5":"has-post-thumbnail","7":"category-tv","8":"cs-entry","9":"cs-video-wrap"},"_links":{"self":[{"href":"https:\/\/mediarun.com\/pl\/wp-json\/wp\/v2\/posts\/81082","targetHints":{"allow":["GET"]}}],"collection":[{"href":"https:\/\/mediarun.com\/pl\/wp-json\/wp\/v2\/posts"}],"about":[{"href":"https:\/\/mediarun.com\/pl\/wp-json\/wp\/v2\/types\/post"}],"author":[{"embeddable":true,"href":"https:\/\/mediarun.com\/pl\/wp-json\/wp\/v2\/users\/1"}],"replies":[{"embeddable":true,"href":"https:\/\/mediarun.com\/pl\/wp-json\/wp\/v2\/comments?post=81082"}],"version-history":[{"count":0,"href":"https:\/\/mediarun.com\/pl\/wp-json\/wp\/v2\/posts\/81082\/revisions"}],"wp:featuredmedia":[{"embeddable":true,"href":"https:\/\/mediarun.com\/pl\/wp-json\/wp\/v2\/media\/81083"}],"wp:attachment":[{"href":"https:\/\/mediarun.com\/pl\/wp-json\/wp\/v2\/media?parent=81082"}],"wp:term":[{"taxonomy":"category","embeddable":true,"href":"https:\/\/mediarun.com\/pl\/wp-json\/wp\/v2\/categories?post=81082"},{"taxonomy":"post_tag","embeddable":true,"href":"https:\/\/mediarun.com\/pl\/wp-json\/wp\/v2\/tags?post=81082"}],"curies":[{"name":"wp","href":"https:\/\/api.w.org\/{rel}","templated":true}]}}