{"id":81075,"date":"2006-02-06T17:23:14","date_gmt":"2006-02-06T16:23:14","guid":{"rendered":"https:\/\/mediarun.com\/index.php\/news-posts\/nowy-program-w-tele5-2\/"},"modified":"2006-02-06T17:23:14","modified_gmt":"2006-02-06T16:23:14","slug":"nowy-program-w-tele5-2","status":"publish","type":"post","link":"https:\/\/mediarun.com\/pl\/media\/tv\/nowy-program-w-tele5-2.html","title":{"rendered":"Nowy program w Tele5"},"content":{"rendered":"<p>Program nadawany b\u0119dzie w pi\u0105tki o godzinie 22.<\/p>\n","protected":false},"excerpt":{"rendered":"Tomasz Wo\u0142ek poprowadzi w Tele5 nowy program publicystyczny &#8222;Plusy dodatnie, plusy ujemne&#8221;. &#8211; Wraz z czterema innymi dziennikarzami b\u0119dzie komentowa\u0142 wydarzenia polityczne minionego tygodnia &#8211; m\u00f3wi nam Katarzyna Rettner, PR manager Tele5.","protected":false},"author":1,"featured_media":0,"comment_status":"open","ping_status":"closed","sticky":false,"template":"","format":"standard","meta":{"csco_display_header_overlay":false,"csco_singular_sidebar":"","csco_page_header_type":"","csco_page_load_nextpost":"","csco_post_video_location":[],"csco_post_video_location_hash":"","csco_post_video_url":"","csco_post_video_bg_start_time":0,"csco_post_video_bg_end_time":0,"footnotes":""},"categories":[9670],"tags":[],"class_list":{"0":"post-81075","1":"post","2":"type-post","3":"status-publish","4":"format-standard","6":"category-tv","7":"cs-entry","8":"cs-video-wrap"},"_links":{"self":[{"href":"https:\/\/mediarun.com\/pl\/wp-json\/wp\/v2\/posts\/81075","targetHints":{"allow":["GET"]}}],"collection":[{"href":"https:\/\/mediarun.com\/pl\/wp-json\/wp\/v2\/posts"}],"about":[{"href":"https:\/\/mediarun.com\/pl\/wp-json\/wp\/v2\/types\/post"}],"author":[{"embeddable":true,"href":"https:\/\/mediarun.com\/pl\/wp-json\/wp\/v2\/users\/1"}],"replies":[{"embeddable":true,"href":"https:\/\/mediarun.com\/pl\/wp-json\/wp\/v2\/comments?post=81075"}],"version-history":[{"count":0,"href":"https:\/\/mediarun.com\/pl\/wp-json\/wp\/v2\/posts\/81075\/revisions"}],"wp:attachment":[{"href":"https:\/\/mediarun.com\/pl\/wp-json\/wp\/v2\/media?parent=81075"}],"wp:term":[{"taxonomy":"category","embeddable":true,"href":"https:\/\/mediarun.com\/pl\/wp-json\/wp\/v2\/categories?post=81075"},{"taxonomy":"post_tag","embeddable":true,"href":"https:\/\/mediarun.com\/pl\/wp-json\/wp\/v2\/tags?post=81075"}],"curies":[{"name":"wp","href":"https:\/\/api.w.org\/{rel}","templated":true}]}}