{"id":81070,"date":"2006-02-06T20:17:07","date_gmt":"2006-02-06T19:17:07","guid":{"rendered":"https:\/\/mediarun.com\/index.php\/news-posts\/samsung-care-rok-pierwszy\/"},"modified":"2006-02-06T20:17:07","modified_gmt":"2006-02-06T19:17:07","slug":"samsung-care-rok-pierwszy","status":"publish","type":"post","link":"https:\/\/mediarun.com\/pl\/trendy\/branding\/samsung-care-rok-pierwszy.html","title":{"rendered":"Samsung Care: rok pierwszy"},"content":{"rendered":"<p>Mija rok od kiedy polski oddzia\u0142 Samsung Electronics wyszed\u0142 z w\u0142asn\u0105, oryginaln\u0105 inicjatyw\u0105 do sektora MSP. Jej za\u0142o\u017ceniem by\u0142o przygotowanie i wdro\u017cenie sp\u00f3jnej oferty biznesowej przez \u015bwiatowych gigant\u00f3w po\u0142\u0105czonych w programie Samsung Care: Samsung Electronics, TU Generali, a od pa\u017adziernika tak\u017ce Ontrack. Program wspieraj\u0105 r\u00f3wnie\u017c: &#8222;Puls Biznesu&#8221;, &#8222;Gazeta Ma\u0142ych i \u015arednich Przedsi\u0119biorstw&#8221; oraz Nowe Centrum Promocji Globalnej przy Business Centre Club.<\/p>\n<p>Firmy uczestnicz\u0105ce w programie zyskuj\u0105 kompleksow\u0105 obs\u0142ug\u0119 dealer\u00f3w Samsunga w zakresie obs\u0142ugi sprz\u0119tu tej firmy, kt\u00f3ry zosta\u0142 ponadto obj\u0119ty dodatkowymi ubezpieczeniami od zdarze\u0144 losowych i kradzie\u017cy. TU Generali proponuje zni\u017cki przy zakupie polis, za\u015b Ontrack oferuje partycypuj\u0105cym przedsi\u0119biorstwom atrakcyjne upusty na swe us\u0142ugi. Dla uczestnik\u00f3w Samsung Care przygotowywane s\u0105 r\u00f3wnie\u017c cykle szkole\u0144. Na przyk\u0142ad pod koniec zesz\u0142ego roku prowadzone by\u0142y przez &#8222;elektronicznych detektyw\u00f3w&#8221;<br \/>\nz Ontrack warsztaty w Katowicach, Poznaniu i Warszawie. Spotka\u0142y si\u0119 one z du\u017cym zainteresowaniem przedsi\u0119biorc\u00f3w i medi\u00f3w. &#8222;Elektroniczni detektywi&#8221; powracaj\u0105 pod koniec stycznia br. na spotkania z firmami sektora MSP w Krakowie (31.01), Gda\u0144sku (21.02) i \u0141odzi.<\/p>\n<p>W ci\u0105gu roku do programu zapisa\u0142o si\u0119 ponad 1000 ma\u0142ych i \u015brednich przedsi\u0119biorc\u00f3w. Najwi\u0119cej z nich zarejestrowanych jest w wojew\u00f3dztwie mazowieckim, a w dalszej kolejno\u015bci: dolno\u015bl\u0105skim, \u015bl\u0105skim i wielkopolskim. Prawie jedna czwarta opisuje swoj\u0105 dzia\u0142alno\u015b\u0107 jako zwi\u0105zan\u0105 z &#8222;informatyk\u0105, komputerami i internetem&#8221;, ale drugie miejsce zajmuj\u0105 &#8222;budownictwo i nieruchomo\u015bci&#8221;, co \u015bwiadczy nie tylko o szerokim spektrum dzia\u0142alno\u015bci firm uczestnicz\u0105cych w Samsung Care, ale i o potrzebie korzystania ze zintegrowanych ofert biznesowych przez przedstawicieli r\u00f3\u017cnych bran\u017c (podobna jest liczba firm z bran\u017c: motoryzacyjnej, spo\u017cywczej, reklamowej, telekomunikacyjnej i transportowej). A\u017c 80% uczestnicz\u0105cych firm zatrudnia do 10 os\u00f3b. Potwierdza to przekonanie o rosn\u0105cej \u015bwiadomo\u015bci biznesowej u najmniejszych przedsi\u0119biorc\u00f3w. Ponad po\u0142owa firm nale\u017c\u0105cych do Samsung Care zajmuje si\u0119 us\u0142ugami, a blisko jedna trzecia &#8211; handlem, detalicznym i hurtowym.<\/p>\n<p>Z programu korzystaj\u0105 przedsi\u0119biorcy z ca\u0142ego kraju. Jednym z wniosk\u00f3w, jakie mo\u017cna wysnu\u0107 po rocznej dzia\u0142alno\u015bci Samsung Care jest to, \u017ce pracodawc\u00f3w zainteresowanych podnoszeniem konkurencyjno\u015bci nie trzeba szuka\u0107 wy\u0142\u0105cznie w wielkich aglomeracjach. &#8222;Dzi\u0119ki uczestnictwu w programie Samsung Care zyska\u0142em mo\u017cliwo\u015b\u0107 zni\u017cki ubezpieczeniowej i bezp\u0142atnych szkole\u0144. Takie inicjatywy s\u0105 wa\u017cne dla ka\u017cdego przedsi\u0119biorcy, a szczeg\u00f3lnie cenne dla prowadz\u0105cych sw\u0105 dzia\u0142alno\u015b\u0107 z dala od du\u017cych o\u015brodk\u00f3w miejskich&#8221;, uwa\u017ca Zenon Pilanc w\u0142a\u015bciciel przedsi\u0119biorstwa turystycznego &#8222;Ranczo Windyki&#8221; w okolicach I\u0142awy.<\/p>\n<p>&#8222;Pierwszy rok programu Samsung Care uwa\u017camy za udany. Przyst\u0105pi\u0142o do niego wielu przedsi\u0119biorc\u00f3w chc\u0105cych korzysta\u0107 z kompleksowych rozwi\u0105za\u0144. My tak\u017ce wiele si\u0119 nauczyli\u015bmy i teraz b\u0119dziemy wykorzystywa\u0107 t\u0119 wiedz\u0119 przy wprowadzaniu nowych rozwi\u0105za\u0144 i doskonaleniu ju\u017c istniej\u0105cych&#8221; stwierdza Joanna Borowska, koordynuj\u0105ca program Samsung Care.<\/p>\n","protected":false},"excerpt":{"rendered":"Ju\u017c od 12 miesi\u0119cy nowatorski program Samsung Care wspiera ma\u0142e i \u015brednie przedsi\u0119biorstwa wed\u0142ug maksymy &#8222;duzi mog\u0105 wi\u0119cej&#8221;.","protected":false},"author":1,"featured_media":0,"comment_status":"open","ping_status":"closed","sticky":false,"template":"","format":"standard","meta":{"csco_display_header_overlay":false,"csco_singular_sidebar":"","csco_page_header_type":"","csco_page_load_nextpost":"","csco_post_video_location":[],"csco_post_video_location_hash":"","csco_post_video_url":"","csco_post_video_bg_start_time":0,"csco_post_video_bg_end_time":0,"footnotes":""},"categories":[9658],"tags":[],"class_list":{"0":"post-81070","1":"post","2":"type-post","3":"status-publish","4":"format-standard","6":"category-branding","7":"cs-entry","8":"cs-video-wrap"},"_links":{"self":[{"href":"https:\/\/mediarun.com\/pl\/wp-json\/wp\/v2\/posts\/81070","targetHints":{"allow":["GET"]}}],"collection":[{"href":"https:\/\/mediarun.com\/pl\/wp-json\/wp\/v2\/posts"}],"about":[{"href":"https:\/\/mediarun.com\/pl\/wp-json\/wp\/v2\/types\/post"}],"author":[{"embeddable":true,"href":"https:\/\/mediarun.com\/pl\/wp-json\/wp\/v2\/users\/1"}],"replies":[{"embeddable":true,"href":"https:\/\/mediarun.com\/pl\/wp-json\/wp\/v2\/comments?post=81070"}],"version-history":[{"count":0,"href":"https:\/\/mediarun.com\/pl\/wp-json\/wp\/v2\/posts\/81070\/revisions"}],"wp:attachment":[{"href":"https:\/\/mediarun.com\/pl\/wp-json\/wp\/v2\/media?parent=81070"}],"wp:term":[{"taxonomy":"category","embeddable":true,"href":"https:\/\/mediarun.com\/pl\/wp-json\/wp\/v2\/categories?post=81070"},{"taxonomy":"post_tag","embeddable":true,"href":"https:\/\/mediarun.com\/pl\/wp-json\/wp\/v2\/tags?post=81070"}],"curies":[{"name":"wp","href":"https:\/\/api.w.org\/{rel}","templated":true}]}}