{"id":81016,"date":"2006-02-07T06:00:00","date_gmt":"2006-02-07T05:00:00","guid":{"rendered":"https:\/\/mediarun.com\/index.php\/news-posts\/david-beckham-z-calvinem\/"},"modified":"2006-02-07T06:00:00","modified_gmt":"2006-02-07T05:00:00","slug":"david-beckham-z-calvinem","status":"publish","type":"post","link":"https:\/\/mediarun.com\/pl\/trendy\/branding\/david-beckham-z-calvinem.html","title":{"rendered":"David Beckham z Calvinem?"},"content":{"rendered":"<p><P>Beckham zast\u0105pi tym samym Freddiego Ljungberga w roli modela Calvina Kleina.<BR><BR>Beckham zast\u0105pi tym samym innego pi\u0142karza, kt\u00f3remu umowa z producentem odzie\u017cy wygasa w lipcu tego roku. Zdaniem dziennikarzy, Beckham ju\u017c wyrazi\u0142 zgod\u0119 na wsp\u00f3\u0142prac\u0119 z CK i podpisa\u0142 ju\u017c umow\u0119. Zdaniem innych pi\u0142karz i tak na odzie\u017c tego producenta wydawa\u0142 ponad 1 tys. Funt\u00f3w miesi\u0119cznie.<\/P><br \/>\n<P>&nbsp;<\/P><\/p>\n","protected":false},"excerpt":{"rendered":"Prawdopodonie David Beckham zostanie kolejnym modelem marki Calvin Klein &#8211; poinofrmowa\u0142 magazyn BrandRepublic.","protected":false},"author":1,"featured_media":81017,"comment_status":"open","ping_status":"closed","sticky":false,"template":"","format":"standard","meta":{"csco_display_header_overlay":false,"csco_singular_sidebar":"","csco_page_header_type":"","csco_page_load_nextpost":"","csco_post_video_location":[],"csco_post_video_location_hash":"","csco_post_video_url":"","csco_post_video_bg_start_time":0,"csco_post_video_bg_end_time":0,"footnotes":""},"categories":[9658],"tags":[],"class_list":{"0":"post-81016","1":"post","2":"type-post","3":"status-publish","4":"format-standard","5":"has-post-thumbnail","7":"category-branding","8":"cs-entry","9":"cs-video-wrap"},"_links":{"self":[{"href":"https:\/\/mediarun.com\/pl\/wp-json\/wp\/v2\/posts\/81016","targetHints":{"allow":["GET"]}}],"collection":[{"href":"https:\/\/mediarun.com\/pl\/wp-json\/wp\/v2\/posts"}],"about":[{"href":"https:\/\/mediarun.com\/pl\/wp-json\/wp\/v2\/types\/post"}],"author":[{"embeddable":true,"href":"https:\/\/mediarun.com\/pl\/wp-json\/wp\/v2\/users\/1"}],"replies":[{"embeddable":true,"href":"https:\/\/mediarun.com\/pl\/wp-json\/wp\/v2\/comments?post=81016"}],"version-history":[{"count":0,"href":"https:\/\/mediarun.com\/pl\/wp-json\/wp\/v2\/posts\/81016\/revisions"}],"wp:featuredmedia":[{"embeddable":true,"href":"https:\/\/mediarun.com\/pl\/wp-json\/wp\/v2\/media\/81017"}],"wp:attachment":[{"href":"https:\/\/mediarun.com\/pl\/wp-json\/wp\/v2\/media?parent=81016"}],"wp:term":[{"taxonomy":"category","embeddable":true,"href":"https:\/\/mediarun.com\/pl\/wp-json\/wp\/v2\/categories?post=81016"},{"taxonomy":"post_tag","embeddable":true,"href":"https:\/\/mediarun.com\/pl\/wp-json\/wp\/v2\/tags?post=81016"}],"curies":[{"name":"wp","href":"https:\/\/api.w.org\/{rel}","templated":true}]}}