{"id":81002,"date":"2006-02-07T14:40:11","date_gmt":"2006-02-07T13:40:11","guid":{"rendered":"https:\/\/mediarun.com\/index.php\/news-posts\/nowy-prowadzacy-magazynu-uwaga\/"},"modified":"2006-02-07T14:40:11","modified_gmt":"2006-02-07T13:40:11","slug":"nowy-prowadzacy-magazynu-uwaga","status":"publish","type":"post","link":"https:\/\/mediarun.com\/pl\/media\/tv\/nowy-prowadzacy-magazynu-uwaga.html","title":{"rendered":"Nowy prowadz\u0105cy magazynu &#8222;Uwaga!&#8221;"},"content":{"rendered":"<p><?plik(4366,'center','Zbigniew \u0141uczy\u0144ski\/fot.TVP')?> <\/p>\n<p>Dziennikarz zostanie gospodarzem popo\u0142udniowych i g\u0142\u00f3wnych wyda\u0144 programu. Zbigniew \u0141uczy\u0144ski jest od kilkunastu lat pracownikiem TVP. Na antenie publicznego nadawcy prowadzi\u0142  i wydawa\u0142 krakowsk\u0105 &#8222;Kronik\u0119&#8221;. <\/p>\n","protected":false},"excerpt":{"rendered":"W po\u0142owie lutego na antenie TVN zadebiutuje Zbigniew \u0141uczy\u0144ski, dziennikarz zwi\u0105zany z oddzia\u0142em TVP w Krakowie. Zostanie on prezenterem magazynu reporter\u00f3w stacji &#8222;Uwaga!&#8221; i zast\u0105pi  Marcina Le\u015bkiewicza, kt\u00f3ry do\u0142\u0105czy\u0142 do redakcji &#8222;Panoramy&#8221; TVP2.","protected":false},"author":1,"featured_media":0,"comment_status":"open","ping_status":"closed","sticky":false,"template":"","format":"standard","meta":{"csco_display_header_overlay":false,"csco_singular_sidebar":"","csco_page_header_type":"","csco_page_load_nextpost":"","csco_post_video_location":[],"csco_post_video_location_hash":"","csco_post_video_url":"","csco_post_video_bg_start_time":0,"csco_post_video_bg_end_time":0,"footnotes":""},"categories":[9670],"tags":[],"class_list":{"0":"post-81002","1":"post","2":"type-post","3":"status-publish","4":"format-standard","6":"category-tv","7":"cs-entry","8":"cs-video-wrap"},"_links":{"self":[{"href":"https:\/\/mediarun.com\/pl\/wp-json\/wp\/v2\/posts\/81002","targetHints":{"allow":["GET"]}}],"collection":[{"href":"https:\/\/mediarun.com\/pl\/wp-json\/wp\/v2\/posts"}],"about":[{"href":"https:\/\/mediarun.com\/pl\/wp-json\/wp\/v2\/types\/post"}],"author":[{"embeddable":true,"href":"https:\/\/mediarun.com\/pl\/wp-json\/wp\/v2\/users\/1"}],"replies":[{"embeddable":true,"href":"https:\/\/mediarun.com\/pl\/wp-json\/wp\/v2\/comments?post=81002"}],"version-history":[{"count":0,"href":"https:\/\/mediarun.com\/pl\/wp-json\/wp\/v2\/posts\/81002\/revisions"}],"wp:attachment":[{"href":"https:\/\/mediarun.com\/pl\/wp-json\/wp\/v2\/media?parent=81002"}],"wp:term":[{"taxonomy":"category","embeddable":true,"href":"https:\/\/mediarun.com\/pl\/wp-json\/wp\/v2\/categories?post=81002"},{"taxonomy":"post_tag","embeddable":true,"href":"https:\/\/mediarun.com\/pl\/wp-json\/wp\/v2\/tags?post=81002"}],"curies":[{"name":"wp","href":"https:\/\/api.w.org\/{rel}","templated":true}]}}