{"id":80998,"date":"2006-02-07T17:48:45","date_gmt":"2006-02-07T16:48:45","guid":{"rendered":"https:\/\/mediarun.com\/index.php\/news-posts\/tvp-dziala-pod-prad\/"},"modified":"2006-02-07T17:48:45","modified_gmt":"2006-02-07T16:48:45","slug":"tvp-dziala-pod-prad","status":"publish","type":"post","link":"https:\/\/mediarun.com\/pl\/ludzie\/wywiad\/tvp-dziala-pod-prad.html","title":{"rendered":"TVP dzia\u0142a pod pr\u0105d?"},"content":{"rendered":"<p>W poniedzia\u0142ek media obieg\u0142a informacja o zdj\u0119ciu z anteny TVP1 magazynu reporterskiego &#8222;Reporterzy Non Stop&#8221; Agnieszki Borowskiej. Program nadal b\u0119dzie emitowany &#8211; tyle \u017ce dla mniejszej widowni. &#8211; Program Agnieszki Borowskiej by\u0142, jest i b\u0119dzie w Tr\u00f3jce, za\u015b decyzje Jedynki, konkretnie dyr. Grzywaczewskiego dotycz\u0105 tylko anteny pierwszej &#8211; poinformowa\u0142 nas rzecznik prasowy Telewizji Polskiej Jaros\u0142aw Szczepa\u0144ski. <\/p>\n<p><?plik(4364,'right','Jaros\u0142aw Szczepa\u0144ski, rzecznik prasowy TVP\/ fot. PAT')?><\/p>\n<p>Lawin\u0119 krytycznych komentarzy pod adresem TVP wywo\u0142a\u0142a pi\u0105tkowa publikacja &#8222;Gazety Wyborczej&#8221;. Znany satyryk Jacek Fedorowicz poinformowa\u0142 dziennik o pr\u00f3bach ingerencji w jego program &#8222;SEJF&#8221;. Do emisji nie dopuszczono mi. in. piosenki o braciach Kaczy\u0144skich. &#8211; Jacek Fedorowicz otrzyma\u0142 propozycj\u0119 i mia\u0142 przedstawi\u0107 projekt nowego &#8211; zmienionego programu, bowiem widownia jego programu by\u0142a ma\u0142a &#8211; t\u0142umaczy Szczepa\u0144ski. <\/p>\n<p>Czy Fedorowicz poprowadzi nowy program w TVP? Z tonu jego wypowiedzi dla &#8222;Gazety Wyborczej&#8221; wynika, \u017ce nie jest do tej perspektywy nastawiony entuzjastycznie. Publikacja w dzienniku mo\u017ce zainteresowa\u0107 nim stacje komercyjne. Polsat i TVN maj\u0105 programy aspiruj\u0105ce do roli satyrycznych. &#8222;Kuba Wojew\u00f3dzki Show&#8221; i &#8222;Szymon Majewski Show&#8221;, cho\u0107 r\u00f3wnie odwa\u017cne w krytykowaniu w\u0142adzy &#8211; s\u0105 jednak adresowane do zupe\u0142nie innej widowni. <\/p>\n<p>Fedorowicza mo\u017ce wi\u0119c czeka\u0107 &#8222;telewizyjna emerytura&#8221;. Chyba, \u017ce kt\u00f3ra\u015b ze stacji &#8211; cho\u0107by TVN zaproponuje mu wsp\u00f3\u0142prac\u0119. Przypomnijmy, \u017ce jeszcze niedawno w telewizji Waltera by\u0142o miejsce na satyryczny duet Rewi\u0144skiego i Piaseckiego. <\/p>\n<p>Czemu TVP mo\u017ce dzia\u0142a\u0107 &#8222;pod pr\u0105d&#8221;? W poniedzia\u0142ek poznali\u015bmy przewodnicz\u0105c\u0105 KRRiT. W\u0142adze na Woronicza musz\u0105 by\u0107 ostro\u017cne. Jeden niepewny ruch i Rada mo\u017ce szybko zmieni\u0107 sk\u0142ad rad nadzorczych medi\u00f3w publicznych i ich zarz\u0105dy. Je\u015bli rzeczywi\u015bcie mamy do czynienia z tak\u0105 ostro\u017cno\u015bci\u0105, to zaistnia\u0142\u0105 sytuacj\u0119 por\u00f3wna\u0107 mo\u017cna do decyzji prezydenta Ryszarda Grobelnego i Andrzeja Nowakowskiego ( by\u0142ego wojewody wielkopolskiego z ramienia SLD) &#8211; o zakazie Marszu R\u00f3wno\u015bci w Poznaniu. <\/p>\n","protected":false},"excerpt":{"rendered":"Jacek Fedorowicz prawdopodobnie odejdzie z Telewizji Polskiej. Magazyn reporterski Agnieszki Borowskiej opu\u015bci &#8222;Jedynk\u0119&#8221; &#8211;  b\u0119dzie mo\u017cna go ogl\u0105da\u0107 jedynie w TVP3. To dwa odosobnione przypadki, czy dzia\u0142anie &#8222;pod pr\u0105d&#8221; nowej w\u0142adzy? Rzecznik Telewizji Polskiej odpiera te zarzuty.","protected":false},"author":1,"featured_media":80999,"comment_status":"open","ping_status":"closed","sticky":false,"template":"","format":"standard","meta":{"csco_display_header_overlay":false,"csco_singular_sidebar":"","csco_page_header_type":"","csco_page_load_nextpost":"","csco_post_video_location":[],"csco_post_video_location_hash":"","csco_post_video_url":"","csco_post_video_bg_start_time":0,"csco_post_video_bg_end_time":0,"footnotes":""},"categories":[45],"tags":[],"class_list":{"0":"post-80998","1":"post","2":"type-post","3":"status-publish","4":"format-standard","5":"has-post-thumbnail","7":"category-wywiad","8":"cs-entry","9":"cs-video-wrap"},"_links":{"self":[{"href":"https:\/\/mediarun.com\/pl\/wp-json\/wp\/v2\/posts\/80998","targetHints":{"allow":["GET"]}}],"collection":[{"href":"https:\/\/mediarun.com\/pl\/wp-json\/wp\/v2\/posts"}],"about":[{"href":"https:\/\/mediarun.com\/pl\/wp-json\/wp\/v2\/types\/post"}],"author":[{"embeddable":true,"href":"https:\/\/mediarun.com\/pl\/wp-json\/wp\/v2\/users\/1"}],"replies":[{"embeddable":true,"href":"https:\/\/mediarun.com\/pl\/wp-json\/wp\/v2\/comments?post=80998"}],"version-history":[{"count":0,"href":"https:\/\/mediarun.com\/pl\/wp-json\/wp\/v2\/posts\/80998\/revisions"}],"wp:featuredmedia":[{"embeddable":true,"href":"https:\/\/mediarun.com\/pl\/wp-json\/wp\/v2\/media\/80999"}],"wp:attachment":[{"href":"https:\/\/mediarun.com\/pl\/wp-json\/wp\/v2\/media?parent=80998"}],"wp:term":[{"taxonomy":"category","embeddable":true,"href":"https:\/\/mediarun.com\/pl\/wp-json\/wp\/v2\/categories?post=80998"},{"taxonomy":"post_tag","embeddable":true,"href":"https:\/\/mediarun.com\/pl\/wp-json\/wp\/v2\/tags?post=80998"}],"curies":[{"name":"wp","href":"https:\/\/api.w.org\/{rel}","templated":true}]}}