{"id":80978,"date":"2006-02-07T22:22:42","date_gmt":"2006-02-07T21:22:42","guid":{"rendered":"https:\/\/mediarun.com\/index.php\/news-posts\/nowe-media-pr-pracuja-dla-kig\/"},"modified":"2006-02-07T22:22:42","modified_gmt":"2006-02-07T21:22:42","slug":"nowe-media-pr-pracuja-dla-kig","status":"publish","type":"post","link":"https:\/\/mediarun.com\/pl\/trendy\/branding\/nowe-media-pr-pracuja-dla-kig.html","title":{"rendered":"Nowe Media PR pracuj\u0105 dla KIG"},"content":{"rendered":"<p>Do zada\u0144 agencji nale\u017cy wsp\u00f3\u0142tworzenie wizerunku KIG jako najwi\u0119kszej organizacji samorz\u0105du gospodarczego w Polce &#8211; rzecznika rozwijaj\u0105cego si\u0119 sektora ma\u0142ych i \u015brednich przedsi\u0119biorstw, a tak\u017ce promotora wysokich standard\u00f3w etycznych w biznesie. Agencja wsp\u00f3\u0142pracuje tak\u017ce w zakresie kreowania wizerunku prezesa KIG Andrzeja Arendarskiego oraz ekspert\u00f3w Izby. Nowe Media PR wspomagaj\u0105 KIG w bie\u017c\u0105cych dzia\u0142aniach komunikacyjnych; wspieraj\u0105 relacje z mediami, z uwzgl\u0119dnieniem medi\u00f3w regionalnych.<\/p>\n<p>Krajowa Izba Gospodarcza jest najwi\u0119ksz\u0105 instytucj\u0105 samorz\u0105du gospodarczego w Polsce. Zrzesza ponad 130 organizacji gospodarczych, do kt\u00f3rych nale\u017cy oko\u0142o 300 tys. krajowych przedsi\u0119biorstw. Organizuje i wspiera wszelkie dzia\u0142ania na rzecz rozwoju i podnoszenia konkurencyjno\u015bci polskiej gospodarki i pod tym k\u0105tem ocenia dzia\u0142ania podejmowane przez w\u0142adze pa\u0144stwowe i samorz\u0105dowe. Jednym z wa\u017cniejszych zada\u0144 KIG jest reprezentowanie polskich przedsi\u0119biorstw za granic\u0105. Izba nale\u017cy do Stowarzyszenia Europejskich Izb Handlowo Przemys\u0142owych EUROCHAMBRES, zrzeszaj\u0105cego europejskie izby gospodarcze oraz Mi\u0119dzynarodowej Izby Handlowej (ICC) w Pary\u017cu.<\/p>\n","protected":false},"excerpt":{"rendered":"Nowe Media Public Relations pracuj\u0105 dla Krajowej Izby Gospodarczej. Agencja wspiera KIG zar\u00f3wno w zakresie relacji z mediami, jak i komunikacji wewn\u0119trznej. Umowa zosta\u0142a podpisana na rok.","protected":false},"author":1,"featured_media":0,"comment_status":"open","ping_status":"closed","sticky":false,"template":"","format":"standard","meta":{"csco_display_header_overlay":false,"csco_singular_sidebar":"","csco_page_header_type":"","csco_page_load_nextpost":"","csco_post_video_location":[],"csco_post_video_location_hash":"","csco_post_video_url":"","csco_post_video_bg_start_time":0,"csco_post_video_bg_end_time":0,"footnotes":""},"categories":[9658],"tags":[],"class_list":{"0":"post-80978","1":"post","2":"type-post","3":"status-publish","4":"format-standard","6":"category-branding","7":"cs-entry","8":"cs-video-wrap"},"_links":{"self":[{"href":"https:\/\/mediarun.com\/pl\/wp-json\/wp\/v2\/posts\/80978","targetHints":{"allow":["GET"]}}],"collection":[{"href":"https:\/\/mediarun.com\/pl\/wp-json\/wp\/v2\/posts"}],"about":[{"href":"https:\/\/mediarun.com\/pl\/wp-json\/wp\/v2\/types\/post"}],"author":[{"embeddable":true,"href":"https:\/\/mediarun.com\/pl\/wp-json\/wp\/v2\/users\/1"}],"replies":[{"embeddable":true,"href":"https:\/\/mediarun.com\/pl\/wp-json\/wp\/v2\/comments?post=80978"}],"version-history":[{"count":0,"href":"https:\/\/mediarun.com\/pl\/wp-json\/wp\/v2\/posts\/80978\/revisions"}],"wp:attachment":[{"href":"https:\/\/mediarun.com\/pl\/wp-json\/wp\/v2\/media?parent=80978"}],"wp:term":[{"taxonomy":"category","embeddable":true,"href":"https:\/\/mediarun.com\/pl\/wp-json\/wp\/v2\/categories?post=80978"},{"taxonomy":"post_tag","embeddable":true,"href":"https:\/\/mediarun.com\/pl\/wp-json\/wp\/v2\/tags?post=80978"}],"curies":[{"name":"wp","href":"https:\/\/api.w.org\/{rel}","templated":true}]}}