{"id":80973,"date":"2006-02-07T22:29:50","date_gmt":"2006-02-07T21:29:50","guid":{"rendered":"https:\/\/mediarun.com\/index.php\/news-posts\/laury-dla-polskiego-radia\/"},"modified":"2006-02-07T22:29:50","modified_gmt":"2006-02-07T21:29:50","slug":"laury-dla-polskiego-radia","status":"publish","type":"post","link":"https:\/\/mediarun.com\/pl\/media\/radio\/laury-dla-polskiego-radia.html","title":{"rendered":"Laury dla Polskiego Radia"},"content":{"rendered":"<p>W uzasadnieniu  wyr\u00f3\u017cnienia jury napisa\u0142o : &#8222;W ci\u0105gu 80 lat swojego istnienia Polskie Radio by\u0142o t\u0105 instytucj\u0105, kt\u00f3ra wnios\u0142a najwi\u0119kszy wk\u0142ad w promocj\u0119 turystyczn\u0105 Polski. Autorami audycji po\u015bwi\u0119conych tej tematyce by\u0142y dziesi\u0105tki dziennikarzy i to ich w\u0142a\u015bnie pragniemy uhonorowa\u0107 t\u0105 specjaln\u0105 nagrod\u0105&#8221;.<\/p>\n<p>W tegorocznej edycji konkursu nagrod\u0105 g\u0142\u00f3wn\u0105 w kategorii materia\u0142\u00f3w radiowych uhonorowano S\u0142aw\u0119 Bie\u0144czyck\u0105, dziennikark\u0119 Redakcji Pasm Muzyczno-Publicystycznych Polskiego Radia,  za  &#8211; jak podano w komunikacie &#8211; wysokiej klasy profesjonalizm w dziennikarstwie radiowym oraz propagowanie polskiej turystyki w audycji &#8222;Lato z Radiem&#8221;, a zw\u0142aszcza w Magazynie Turystycznym &#8222;Polska da si\u0119 lubi\u0107&#8221;.<\/p>\n<p>Konkurs  od 4 lat organizowany jest w ramach kampanii promocyjnej Polski na rynku krajowym. Jego celem jest wyr\u00f3\u017cnienie najlepszych materia\u0142\u00f3w prasowych, audycji radiowych oraz program\u00f3w telewizyjnych promuj\u0105cych regionalne lub lokalne atrakcje i produkty turystyczne. W tegorocznej edycji udzia\u0142 wzi\u0119\u0142o kilkudziesi\u0119ciu dziennikarzy i publicyst\u00f3w reprezentuj\u0105cych ca\u0142\u0105 pras\u0119 krajow\u0105 od wielonak\u0142adowych og\u00f3lnopolskich dziennik\u00f3w i tygodnik\u00f3w po pisma lokalne. W konkursie uczestniczy\u0142y r\u00f3wnie\u017c og\u00f3lnopolskie i regionalne stacje telewizyjne i radiowe.<\/p>\n<p>Konkurs nosi imi\u0119 Mieczys\u0142awa Or\u0142owicza, czo\u0142owego dzia\u0142acza turystyki i krajoznawstwa w Polsce, wsp\u00f3\u0142tw\u00f3rcy polskiej turystyki zespo\u0142owej, organizatora pierwszego komitetu olimpijskiego w Polsce, wsp\u00f3\u0142tw\u00f3rcy Polskiego Towarzystwa Tatrza\u0144skiego i Polskiego Towarzystwa Krajoznawczego, autora wielu artyku\u0142\u00f3w, broszur i przewodnik\u00f3w. Nazwanie konkursu jego imieniem ma na celu przypomnienie tej wybitnej i nieco ju\u017c zapomnianej postaci.<\/p>\n<p>Na posiedzeniu w dniu 18 stycznia 2006 roku Komisja Konkursowa pod przewodnictwem red. Tadeusza Olsza\u0144skiego &#8211; Honorowego Prezesa Klubu Publicystyki Turystycznej, przyzna\u0142a pi\u0119\u0107 nagr\u00f3d g\u0142\u00f3wnych oraz osiem wyr\u00f3\u017cnie\u0144. Warto doda\u0107, \u017ce dwa wyr\u00f3\u017cnienia przypad\u0142y tak\u017ce dziennikarzom z Polskiego Radia Zach\u00f3d w Zielonej G\u00f3rze i Polskiego Radia Lublin. <\/p>\n","protected":false},"excerpt":{"rendered":"7 lutego br. , o godzinie 13.00 w hotelu &#8222;Victoria&#8221; w Warszawie, Czes\u0142aw Jermanowski &#8211; cz\u0142onek Zarz\u0105du Polskiego Radia SA, odebra\u0142 nagrod\u0119 specjaln\u0105 im. Mieczys\u0142awa Or\u0142owicza przyznan\u0105 przez Polsk\u0105 Organizacj\u0119 Turystyczn\u0105 dla Polskiego Radia, za ca\u0142okszta\u0142t osi\u0105gni\u0119\u0107 w dziedzinie promocji Polski, w tym polskiej turystyki.","protected":false},"author":1,"featured_media":80974,"comment_status":"open","ping_status":"closed","sticky":false,"template":"","format":"standard","meta":{"csco_display_header_overlay":false,"csco_singular_sidebar":"","csco_page_header_type":"","csco_page_load_nextpost":"","csco_post_video_location":[],"csco_post_video_location_hash":"","csco_post_video_url":"","csco_post_video_bg_start_time":0,"csco_post_video_bg_end_time":0,"footnotes":""},"categories":[9672],"tags":[],"class_list":{"0":"post-80973","1":"post","2":"type-post","3":"status-publish","4":"format-standard","5":"has-post-thumbnail","7":"category-radio","8":"cs-entry","9":"cs-video-wrap"},"_links":{"self":[{"href":"https:\/\/mediarun.com\/pl\/wp-json\/wp\/v2\/posts\/80973","targetHints":{"allow":["GET"]}}],"collection":[{"href":"https:\/\/mediarun.com\/pl\/wp-json\/wp\/v2\/posts"}],"about":[{"href":"https:\/\/mediarun.com\/pl\/wp-json\/wp\/v2\/types\/post"}],"author":[{"embeddable":true,"href":"https:\/\/mediarun.com\/pl\/wp-json\/wp\/v2\/users\/1"}],"replies":[{"embeddable":true,"href":"https:\/\/mediarun.com\/pl\/wp-json\/wp\/v2\/comments?post=80973"}],"version-history":[{"count":0,"href":"https:\/\/mediarun.com\/pl\/wp-json\/wp\/v2\/posts\/80973\/revisions"}],"wp:featuredmedia":[{"embeddable":true,"href":"https:\/\/mediarun.com\/pl\/wp-json\/wp\/v2\/media\/80974"}],"wp:attachment":[{"href":"https:\/\/mediarun.com\/pl\/wp-json\/wp\/v2\/media?parent=80973"}],"wp:term":[{"taxonomy":"category","embeddable":true,"href":"https:\/\/mediarun.com\/pl\/wp-json\/wp\/v2\/categories?post=80973"},{"taxonomy":"post_tag","embeddable":true,"href":"https:\/\/mediarun.com\/pl\/wp-json\/wp\/v2\/tags?post=80973"}],"curies":[{"name":"wp","href":"https:\/\/api.w.org\/{rel}","templated":true}]}}