{"id":80970,"date":"2006-02-07T22:41:18","date_gmt":"2006-02-07T21:41:18","guid":{"rendered":"https:\/\/mediarun.com\/index.php\/news-posts\/durczok-poprowadzi-fakty\/"},"modified":"2006-02-07T22:41:18","modified_gmt":"2006-02-07T21:41:18","slug":"durczok-poprowadzi-fakty","status":"publish","type":"post","link":"https:\/\/mediarun.com\/pl\/media\/tv\/durczok-poprowadzi-fakty.html","title":{"rendered":"Durczok poprowadzi Fakty"},"content":{"rendered":"<p>Kamil Durczok negocjowa\u0142 przed\u0142u\u017cenia kontraktu z publicznym nadawc\u0105 od kilku miesi\u0119cy. Prezentera &#8222;Wiadomo\u015bci&#8221; chcia\u0142 widzie\u0107 w &#8222;Wydarzeniach&#8221; tak\u017ce Tomasz Lis. Dziennikarz ostatecznie zdecydowa\u0142 si\u0119 na TVN.<\/p>\n<p>We wtorek Durczok, poprowadzi\u0142 po raz ostatni &#8222;Wiadomo\u015bci&#8221;. Z widzami Telewizji Polskiej po\u017cegna si\u0119 w \u015brod\u0119 &#8211; w programie &#8222;Debata&#8221;. Widzowie pokochali Kamila Durczoka za nieugi\u0119ta walk\u0119 z chorob\u0105 nowotworow\u0105. Od lat zwi\u0105zany by\u0142 z TVP. Z\u0142o\u015bliwi zarzucali mu sprzyjanie \u015brodowiskom lewicowym &#8211; i zwi\u0105zanym z &#8222;PO&#8221; ostatnio. <\/p>\n<p>Wed\u0142ug &#8222;Gazety Wyborczej&#8221; Durczok zago\u015bci na antenie TVN w maju, kiedy minie okres trzymiesi\u0119cznego wypowiedzenia, do kt\u00f3rego zobowi\u0105za\u0142 si\u0119 w umowie z Telewizj\u0105 Polsk\u0105. <\/p>\n<p>Pierwszy raz o ewentualnym odej\u015bciu Durczoka spekulowano po poprzedniej zmianie zarz\u0105du TVP. Prasa donios\u0142a o tajemniczym kontrakcie dziennikarza z by\u0142ym prezesem TVP Robertem Kwiatkowskim. Mia\u0142 on gwarantowa\u0107 prezenterowi ogromne zarobki, wieloletni\u0105 prac\u0119 w telewizji i rekordowe odszkodowanie na wypadek zerwania kontraktu. Maciej Grzywaczewski, szef TVP1 zapowiada\u0142 wtedy zmiany personalne w sztandarowym programie informacyjnym Telewizji Polskiej. Jednocze\u015bnie nie zdecydowa\u0142 si\u0119 usun\u0105\u0107 popularnych twarzy.<br \/>\n<?plik(4367,'right','Kamil Durczok ju\u017c nie poprowadzi \"Wiadomo\u015bci\"\/ fot. TVP')?><\/p>\n<p>Nieoficjalne doniesienia o dziennikarskim transferze Durczoka wr\u00f3ci\u0142y na pocz\u0105tku tego roku. Szanowany przez lewic\u0119 dziennikarz mia\u0142 przenie\u015b\u0107 si\u0119 do TVN po zmianie rad nadzorczych i zarz\u0105du na Woronicza. Sugerowano te\u017c mo\u017cliwo\u015b\u0107 zamiany stacji telewizyjnych z Bogdanem Rymanowskim. Ten ostatni w rozmowie z nami zaprzeczy\u0142 doniesieniom prasy. <\/p>\n<p>Kamil Durczok przygod\u0119 z mediami zacz\u0105\u0142 w Radiu Egida &#8211; jeszcze jako student prawa. Potem zwi\u0105zany by\u0142 z Radiem Katowice i Radiem Top. Swoj\u0105 karier\u0119 telewizyjn\u0105 zaczyna\u0142 tak\u017ce w Katowicach. W o\u015brodku regionalnym TVP przeprowadza\u0142 wywiady z politykami w programie &#8222;Obserwatorium&#8221;. Jego debiutem og\u00f3lnopolskim by\u0142 program &#8222;Studio parlamentarne&#8221;. W 1998 r. Durczok trafi\u0142 na Woronicza, gdzie zosta\u0142 prowadz\u0105cym programu publicystycznego &#8222;W centrum uwagi&#8221;. W pa\u017adzierniku 1999 r. jego program przekszta\u0142cono w &#8222;Monitor Wiadomo\u015bci&#8221;. <\/p>\n<p>Kamil Durczok zosta\u0142 prezenterem &#8222;Wiadomo\u015bci&#8221; 15 marca 2001 r. Prowadzi\u0142 te\u017c program &#8222;Forum&#8221;, &#8222;Go\u015bcia Jedynki&#8221;. Jego kariera dziennikarska to nie tylko telewizja do 2 wrze\u015bnia 2005 r. wraz z Jolant\u0105 Pie\u0144kowsk\u0105 go\u015bci\u0142 na antenie radiowej Tr\u00f3jki (&#8222;Salon Polityczny Tr\u00f3jki&#8221;). Z &#8222;Tr\u00f3jki&#8221; trafi\u0142 do RMF FM, gdzie od poniedzia\u0142ku do pi\u0105tku jest gospodarzem porannego &#8222;Kontrwywiadu Kamila Durczoka&#8221;.<br \/>\n<?plik(2860,'right','Marcin Paw\u0142owski przegra\u0142 walk\u0119 z chorob\u0105, Kamilowi Durczokowi uda\u0142o si\u0119 z ni\u0105 wygra\u0107 - teraz zajmie jego miejsce \/fot. TVN')?><\/p>\n<p>By\u0142y ju\u017c prezenter &#8222;Wiadomo\u015bci&#8221; stanowi\u0142 jedn\u0105 z g\u0142\u00f3wnych twarzy TVP. By\u0142 najpopularniejszym dziennikarzem na Woronicza. Magazyn &#8222;Gentleman&#8221; umie\u015bci\u0142 go razem z prezesem TVP Janem Dworakiem &#8211; na li\u015bcie 100 najbardziej wp\u0142ywowych m\u0119\u017cczyzn w Polsce. Durczok zaj\u0105\u0142 miejsce 14, a Dworak 16. Wed\u0142ug ostatniego sonda\u017cu opublikowanego na \u0142amach &#8222;Nowego Dnia&#8221; &#8211; &#8222;Fakty&#8221; TVN to najbardziej wiarygodny dziennik informacyjny (41,23 proc.). W tym samym badaniu Durczok postrzegany by\u0142 jako najbardziej wiarygodny dziennikarz (34,32 proc). <\/p>\n<p>Nagrody Kamila Durczoka:<\/p>\n<p>2000 &#8211; Grand Press (Dziennikarz Roku) &#8211; miesi\u0119cznika Press<br \/>\n2000 &#8211; Wiktora dla osobowo\u015bci telewizyjnej<br \/>\n2002 &#8211; Telekamery w kategorii Informacje razem z Tomaszem Lisem<br \/>\n2003 &#8211; Telekamery w kategorii Publicystyka<br \/>\n2006 &#8211; Telekamery w kategorii Informacje <\/p>\n","protected":false},"excerpt":{"rendered":"Kamil Durczok, czo\u0142owy prezenter &#8222;Wiadomo\u015bci&#8221; nie czeka\u0142 do zmiany zarz\u0105du TVP. Zdecydowa\u0142 si\u0119 porzuci\u0107 telewizj\u0119 publiczn\u0105 dla komercyjnej TV, prac\u0119 zaproponowa\u0142 mu Polsat i TVN. Jak dowiedzia\u0142a si\u0119 &#8222;Gazeta Wyborcza&#8221; dziennikarz poprowadzi &#8222;Fakty&#8221; i zostanie ich nowym szefem.","protected":false},"author":1,"featured_media":0,"comment_status":"open","ping_status":"closed","sticky":false,"template":"","format":"standard","meta":{"csco_display_header_overlay":false,"csco_singular_sidebar":"","csco_page_header_type":"","csco_page_load_nextpost":"","csco_post_video_location":[],"csco_post_video_location_hash":"","csco_post_video_url":"","csco_post_video_bg_start_time":0,"csco_post_video_bg_end_time":0,"footnotes":""},"categories":[9670],"tags":[],"class_list":{"0":"post-80970","1":"post","2":"type-post","3":"status-publish","4":"format-standard","6":"category-tv","7":"cs-entry","8":"cs-video-wrap"},"_links":{"self":[{"href":"https:\/\/mediarun.com\/pl\/wp-json\/wp\/v2\/posts\/80970","targetHints":{"allow":["GET"]}}],"collection":[{"href":"https:\/\/mediarun.com\/pl\/wp-json\/wp\/v2\/posts"}],"about":[{"href":"https:\/\/mediarun.com\/pl\/wp-json\/wp\/v2\/types\/post"}],"author":[{"embeddable":true,"href":"https:\/\/mediarun.com\/pl\/wp-json\/wp\/v2\/users\/1"}],"replies":[{"embeddable":true,"href":"https:\/\/mediarun.com\/pl\/wp-json\/wp\/v2\/comments?post=80970"}],"version-history":[{"count":0,"href":"https:\/\/mediarun.com\/pl\/wp-json\/wp\/v2\/posts\/80970\/revisions"}],"wp:attachment":[{"href":"https:\/\/mediarun.com\/pl\/wp-json\/wp\/v2\/media?parent=80970"}],"wp:term":[{"taxonomy":"category","embeddable":true,"href":"https:\/\/mediarun.com\/pl\/wp-json\/wp\/v2\/categories?post=80970"},{"taxonomy":"post_tag","embeddable":true,"href":"https:\/\/mediarun.com\/pl\/wp-json\/wp\/v2\/tags?post=80970"}],"curies":[{"name":"wp","href":"https:\/\/api.w.org\/{rel}","templated":true}]}}