{"id":80914,"date":"2006-02-08T06:00:00","date_gmt":"2006-02-08T05:00:00","guid":{"rendered":"https:\/\/mediarun.com\/index.php\/news-posts\/durczok-przechodzi-do-tvn\/"},"modified":"2006-02-08T06:00:00","modified_gmt":"2006-02-08T05:00:00","slug":"durczok-przechodzi-do-tvn","status":"publish","type":"post","link":"https:\/\/mediarun.com\/pl\/wydarzenia\/durczok-przechodzi-do-tvn.html","title":{"rendered":"Durczok przechodzi do TVN"},"content":{"rendered":"<p><P>Karier\u0119 w mediach Kamil Durczok rozpocz\u0105\u0142 w 1991 r. jako dziennikarz Radia Katowice. Trzy lata p\u00f3\u017aniej podj\u0105\u0142 wsp\u00f3\u0142prac\u0119 z Telewizj\u0105 Katowice, gdzie w programie &#8222;Obserwatorium&#8221; prowadzi\u0142 rozmowy z politykami. Pierwszym programem, kt\u00f3ry prowadzi\u0142 na antenie og\u00f3lnopolskiej by\u0142o &#8222;Studio Parlamentarne&#8221;. Kolejne to &#8222;W centrum uwagi&#8221; przekszta\u0142cone nast\u0119pnie w &#8222;Monitor Wiadomo\u015bci&#8221;, &#8222;Go\u015b\u0107 Jedynki&#8221; i &#8222;Forum&#8221; a ostatnio &#8222;Debata&#8221;. G\u0142\u00f3wne wydanie &#8222;Wiadomo\u015bci&#8221; Durczok prowadzi od pa\u017adziernika 2001. Od wrze\u015bnia ub. roku przygotowuje w RMF FM poranne rozmowy z politykami (&#8221;Kontrwywiad&#8221;). Ostatnie wydanie g\u0142\u00f3wnego serwisu informacyjnego Jedynki poprowadzi\u0142 7 lutego. &#8211; \u017begnam si\u0119 z widzami &#8222;Wiadomo\u015bci&#8221; &#8211; powiedzia\u0142 na zako\u0144czenie programu.<BR><BR>&#8211;&nbsp;Kamil Durczok to nieprzeci\u0119tny dziennikarz, kt\u00f3ry przez wiele lat z ogromnym zaanga\u017cowaniem podchodzi\u0142 do swojej pracy, przez co zyska\u0142 szacunek wsp\u00f3\u0142pracownik\u00f3w i prze\u0142o\u017conych oraz sympati\u0119 widz\u00f3w. Chcia\u0142bym mu za to serdecznie podzi\u0119kowa\u0107&nbsp;&#8211; powiedzia\u0142 Jan Dworak Prezes Zarz\u0105du TVP S.A.<\/P><br \/>\n<P>Ju\u017c w roku 2000 zosta\u0142 Dziennikarzem Roku. Jest laureatem a\u017c czterech Wiktor\u00f3w (w tym dw\u00f3ch Wiktor\u00f3w Publiczno\u015bci), trzy razy odbiera\u0142 &#8222;Telekamer\u0119&#8221;. Ostatni raz kilka tygodni temu. &#8211; Wiele zawdzi\u0119czam stacji, z kt\u00f3r\u0105 zwi\u0105zany by\u0142em przez ponad osiem lat. Tu nauczy\u0142em si\u0119 warsztatu telewizyjnego, tu up\u0142yn\u0119\u0142a spora i bardzo wa\u017cna cz\u0119\u015b\u0107 mojego \u017cycia zawodowego. B\u0119d\u0119 zawsze o tym pami\u0119ta\u0142&nbsp;&#8211; stwierdzi\u0142 Kamil Durczok. <\/P><br \/>\n<P>Z sonda\u017cu przeprowadzonego w styczniu na zlecenie Nowego Dnia wynika, \u017ce Polacy najbardziej ufaj\u0105 w\u0142a\u015bnie Durczokowi a &#8222;Fakty&#8221; s\u0105 najbardziej wiarygodnym programem informacyjnym. <BR><BR>Od maja dziennikarz b\u0119dzie szefem &#8222;Fakt\u00f3w&#8221; w TVN. Telewizja TVN nie wyda\u0142a jeszcze oficjalnego o\u015bwiadczenia w tej sprawie.<\/P><\/p>\n","protected":false},"excerpt":{"rendered":"W maju Kamil Durczok zacznie prowadzi\u0107 &quot;Fakty&quot; w TVN. B\u0119dzie mia\u0142 r\u00f3wnie\u017c autorski program w TVN24. 27 stycznia Durczok podpisa\u0142 kontrakt z nowym pracodawc\u0105.","protected":false},"author":1,"featured_media":80915,"comment_status":"open","ping_status":"closed","sticky":false,"template":"","format":"standard","meta":{"csco_display_header_overlay":false,"csco_singular_sidebar":"","csco_page_header_type":"","csco_page_load_nextpost":"","csco_post_video_location":[],"csco_post_video_location_hash":"","csco_post_video_url":"","csco_post_video_bg_start_time":0,"csco_post_video_bg_end_time":0,"footnotes":""},"categories":[46],"tags":[1829],"class_list":{"0":"post-80914","1":"post","2":"type-post","3":"status-publish","4":"format-standard","5":"has-post-thumbnail","7":"category-wydarzenia","8":"tag-kamil-durczok","9":"cs-entry","10":"cs-video-wrap"},"_links":{"self":[{"href":"https:\/\/mediarun.com\/pl\/wp-json\/wp\/v2\/posts\/80914","targetHints":{"allow":["GET"]}}],"collection":[{"href":"https:\/\/mediarun.com\/pl\/wp-json\/wp\/v2\/posts"}],"about":[{"href":"https:\/\/mediarun.com\/pl\/wp-json\/wp\/v2\/types\/post"}],"author":[{"embeddable":true,"href":"https:\/\/mediarun.com\/pl\/wp-json\/wp\/v2\/users\/1"}],"replies":[{"embeddable":true,"href":"https:\/\/mediarun.com\/pl\/wp-json\/wp\/v2\/comments?post=80914"}],"version-history":[{"count":0,"href":"https:\/\/mediarun.com\/pl\/wp-json\/wp\/v2\/posts\/80914\/revisions"}],"wp:featuredmedia":[{"embeddable":true,"href":"https:\/\/mediarun.com\/pl\/wp-json\/wp\/v2\/media\/80915"}],"wp:attachment":[{"href":"https:\/\/mediarun.com\/pl\/wp-json\/wp\/v2\/media?parent=80914"}],"wp:term":[{"taxonomy":"category","embeddable":true,"href":"https:\/\/mediarun.com\/pl\/wp-json\/wp\/v2\/categories?post=80914"},{"taxonomy":"post_tag","embeddable":true,"href":"https:\/\/mediarun.com\/pl\/wp-json\/wp\/v2\/tags?post=80914"}],"curies":[{"name":"wp","href":"https:\/\/api.w.org\/{rel}","templated":true}]}}