{"id":80911,"date":"2006-02-08T18:13:12","date_gmt":"2006-02-08T17:13:12","guid":{"rendered":"https:\/\/mediarun.com\/index.php\/news-posts\/olimpiada-przed-radioodbiornikiem\/"},"modified":"2006-02-08T18:13:12","modified_gmt":"2006-02-08T17:13:12","slug":"olimpiada-przed-radioodbiornikiem","status":"publish","type":"post","link":"https:\/\/mediarun.com\/pl\/media\/radio\/olimpiada-przed-radioodbiornikiem.html","title":{"rendered":"Olimpiada przed radioodbiornikiem"},"content":{"rendered":"<p>Specjalnymi wys\u0142annikami RMF FM na olimpiad\u0119 s\u0105 Sebastian Szcz\u0119sny i Pawe\u0142 Sikora. Wspiera\u0107 ich b\u0119dzie w\u0142oska korespondentka Agnieszka Milcarz. Prze ponad dwa tygodnie na antenie radia b\u0119d\u0105 relacjonowali najwa\u017cniejsze wydarzenia g\u0142\u00f3wnie te z udzia\u0142em polskich sportowc\u00f3w.<\/p>\n<p>Radio Zet na ka\u017cdy dzie\u0144 olimpiady przygotuje 6 wyda\u0144 serwis\u00f3w sportowych. Rozg\u0142o\u015bnia na igrzyska wys\u0142a\u0142o jednego reportera &#8211; Kub\u0119 Wasiaka. Dziennikarz poza nadawaniem relacji do dziennik\u00f3w przygotowywa\u0107 b\u0119dzie r\u00f3wnie\u017c specjalne serwisy z Turynu, kt\u00f3re emitowane b\u0119d\u0105 o godzinie 10 i podczas &#8222;Wydarze\u0144 Dnia&#8221; mi\u0119dzy 17, a 18.06 (w weekendy o 10 i 17). Z kolei poranne olimpijskie wiadomo\u015bci poprowadzi z Warszawy S\u0142awek Mierzejewski. Pojawia\u0107 si\u0119 one b\u0119d\u0105 na antenie Radia Zet o godzinie 6, 7, 8 i 9.<\/p>\n<p>W zwi\u0105zku z zimow\u0105 olimpiad\u0105 na antenie Jedynki pojawi\u0105 si\u0119 specjale audycje: &#8222;Prosto z Turynu&#8221; (codziennie od 6.45 do 7), &#8222;Kronika Olimpijska (od 22.40 do 23), &#8222;Przy muzyce o Olimpiadzie&#8221; oraz &#8222;Studio Olimpijskie&#8221; z Turynu. Stacja transmitowa\u0107 b\u0119dzie ceremoni\u0119 otwarcia i zamkni\u0119cia. Relacje z Turynu przygotowywa\u0107 b\u0119d\u0105 Jaros\u0142aw Idzi, Tomasz Zimoch, Henryk Urba\u015b, Sylwia Urban i Cezary Gurjew, audycje ze studia w Warszawie poprowadz\u0105 Renata Susa\u0142ko, Andrzej Janisz i Piotr Falkowski. <\/p>\n<p>Radiowa Tr\u00f3jka do Turynu wysy\u0142a Artura Kr\u00f3likowskiego. Jego relacji b\u0119dzie mo\u017cna s\u0142ucha\u0107 od poniedzia\u0142ku do pi\u0105tku o godzinie 7.05, 8.05, 9.05, 17:05, 19.05, 21.05 oraz 23.05, w soboty &#8211; 7.05, 8.05, 9.05, 17.05, 19.05 i 21.05, a w niedziele &#8211; 8.05, 9.05, 17.05, 19.05, 21.05, 23.05. 12, 18 i 20 lutego dziennikarz przeka\u017ce spcjalne relacje z zawod\u00f3w w skokach narciarskich.<\/p>\n<p>Radio Plus przygotowa\u0142o &#8222;Kronik\u0119 Olimpijsk\u0105&#8221;, kt\u00f3ra b\u0119dzie nadawana przez wszystkie dni trwania igrzysk o godzinie 8.25 (w weekendy po 8.55). Program poprowadzi Pawe\u0142 Jurek<\/p>\n<p>Radio Vox FM przygotowa\u0142o serwisy olimpijskie, kt\u00f3re nadawane b\u0119d\u0105 cztery razy dziennie: po godzinie 7, 8, 20 i 21.<\/p>\n","protected":false},"excerpt":{"rendered":"W pi\u0105tek rozpoczynaj\u0105 si\u0119 Zimowe Igrzyska Olimpijskie w Turynie. Rozg\u0142o\u015bnie radiowe przez kilkana\u015bcie dni informowa\u0107 b\u0119d\u0105 swoich s\u0142uchaczy o przebiegu imprezy. Stacje wysy\u0142aj\u0105 na miejsce swoich reporter\u00f3w, a niekt\u00f3re przygotowuj\u0105 r\u00f3wnie\u017c specjalne audycje.","protected":false},"author":1,"featured_media":80912,"comment_status":"open","ping_status":"closed","sticky":false,"template":"","format":"standard","meta":{"csco_display_header_overlay":false,"csco_singular_sidebar":"","csco_page_header_type":"","csco_page_load_nextpost":"","csco_post_video_location":[],"csco_post_video_location_hash":"","csco_post_video_url":"","csco_post_video_bg_start_time":0,"csco_post_video_bg_end_time":0,"footnotes":""},"categories":[9672],"tags":[],"class_list":{"0":"post-80911","1":"post","2":"type-post","3":"status-publish","4":"format-standard","5":"has-post-thumbnail","7":"category-radio","8":"cs-entry","9":"cs-video-wrap"},"_links":{"self":[{"href":"https:\/\/mediarun.com\/pl\/wp-json\/wp\/v2\/posts\/80911","targetHints":{"allow":["GET"]}}],"collection":[{"href":"https:\/\/mediarun.com\/pl\/wp-json\/wp\/v2\/posts"}],"about":[{"href":"https:\/\/mediarun.com\/pl\/wp-json\/wp\/v2\/types\/post"}],"author":[{"embeddable":true,"href":"https:\/\/mediarun.com\/pl\/wp-json\/wp\/v2\/users\/1"}],"replies":[{"embeddable":true,"href":"https:\/\/mediarun.com\/pl\/wp-json\/wp\/v2\/comments?post=80911"}],"version-history":[{"count":0,"href":"https:\/\/mediarun.com\/pl\/wp-json\/wp\/v2\/posts\/80911\/revisions"}],"wp:featuredmedia":[{"embeddable":true,"href":"https:\/\/mediarun.com\/pl\/wp-json\/wp\/v2\/media\/80912"}],"wp:attachment":[{"href":"https:\/\/mediarun.com\/pl\/wp-json\/wp\/v2\/media?parent=80911"}],"wp:term":[{"taxonomy":"category","embeddable":true,"href":"https:\/\/mediarun.com\/pl\/wp-json\/wp\/v2\/categories?post=80911"},{"taxonomy":"post_tag","embeddable":true,"href":"https:\/\/mediarun.com\/pl\/wp-json\/wp\/v2\/tags?post=80911"}],"curies":[{"name":"wp","href":"https:\/\/api.w.org\/{rel}","templated":true}]}}