{"id":80908,"date":"2006-02-08T20:52:03","date_gmt":"2006-02-08T19:52:03","guid":{"rendered":"https:\/\/mediarun.com\/index.php\/news-posts\/piasecki-odchodzi-z-rmf-fm\/"},"modified":"2006-02-08T20:52:03","modified_gmt":"2006-02-08T19:52:03","slug":"piasecki-odchodzi-z-rmf-fm","status":"publish","type":"post","link":"https:\/\/mediarun.com\/pl\/media\/radio\/piasecki-odchodzi-z-rmf-fm.html","title":{"rendered":"Piasecki odchodzi z RMF FM"},"content":{"rendered":"<p>Piasecki uzna\u0142, \u017ce 14 lat pracy w radiu to naprawd\u0119 du\u017co i mo\u017cna by zacz\u0105\u0107 zajmowa\u0107 si\u0119 czym\u015b innym. &#8211; A \u017ce dziennikarstwa nie chcia\u0142em porzuca\u0107 naturalnym &#8222;skokiem w bok&#8221; wyda\u0142a mi si\u0119 telewizja &#8211; t\u0142umaczy nam.<\/p>\n<p>&#8211; Dosta\u0142em ciekaw\u0105 propozycj\u0119 pracy w zespole i programie, kt\u00f3ry podlega\u0107 b\u0119dzie mocnej ewolucji. Wydaje mi si\u0119, \u017ce mo\u017cna si\u0119 tam &#8222;nauczy\u0107 telewizji&#8221; od ludzi, kt\u00f3rzy wiele o niej wiedz\u0105 &#8211; m\u00f3wi nam Konrad Piasecki.<\/p>\n<p>Dziennikarz wybieraj\u0105c telewizj\u0119 kierowa\u0142 si\u0119 poczuciem, \u017ce &#8211; jak nam wyja\u015bnia &#8211; to by\u0107 mo\u017ce jeden z ostatnich moment\u00f3w w \u017cyciu, w kt\u00f3rym ma odwag\u0119 na zburzenie Bastylii czy strzelanie z Aurory, czyli rozpocz\u0119cie rewolucji.<\/p>\n<p>Konrad Piasecki w RMF FM pracuje od kilkunastu lat. Obecnie jest warszawskim reporterem rozg\u0142o\u015bni. Na antenie stacji i TVP1 prowadzi\u0142 &#8222;Krakowskie Przedmie\u015bcie 27&#8221;, a w Polsacie &#8211; &#8222;Polityczne Graffiti&#8221;.<\/p>\n<p>Na pocz\u0105tku lutego do zespo\u0142u &#8222;Panoramy&#8221; do\u0142\u0105czy\u0142 r\u00f3wnie\u017c Marcin Le\u015bkiewicz. Dziennikarz na razie jest wydawc\u0105, ale jeszcze w lutym ma zadebiutowa\u0107 w roli prowadz\u0105cego. Wkr\u00f3tce prac\u0119 w programie rozpocznie r\u00f3wnie\u017c Iwona Kutyna, kt\u00f3ra r\u00f3wnie\u017c b\u0119dzie gospodarzem &#8222;Panoramy&#8221;.<\/p>\n","protected":false},"excerpt":{"rendered":"Konrad Piasecki, reporter RMF FM, odchodzi ze stacji. Dziennikarz 16 marca rozpocznie prac\u0119 w &#8222;Panoramie&#8221; telewizyjnej Dw\u00f3jki. &#8211; Na pocz\u0105tku b\u0119dzie reporterem, ale w kr\u00f3tkim czasie b\u0119dzie r\u00f3wnie\u017c prowadzi\u0142 &#8222;Panoram\u0119&#8221; &#8211; wyja\u015bnia nam Daniel Jab\u0142o\u0144ski z wydzia\u0142u rzecznika TVP.","protected":false},"author":1,"featured_media":80909,"comment_status":"open","ping_status":"closed","sticky":false,"template":"","format":"standard","meta":{"csco_display_header_overlay":false,"csco_singular_sidebar":"","csco_page_header_type":"","csco_page_load_nextpost":"","csco_post_video_location":[],"csco_post_video_location_hash":"","csco_post_video_url":"","csco_post_video_bg_start_time":0,"csco_post_video_bg_end_time":0,"footnotes":""},"categories":[9672],"tags":[],"class_list":{"0":"post-80908","1":"post","2":"type-post","3":"status-publish","4":"format-standard","5":"has-post-thumbnail","7":"category-radio","8":"cs-entry","9":"cs-video-wrap"},"_links":{"self":[{"href":"https:\/\/mediarun.com\/pl\/wp-json\/wp\/v2\/posts\/80908","targetHints":{"allow":["GET"]}}],"collection":[{"href":"https:\/\/mediarun.com\/pl\/wp-json\/wp\/v2\/posts"}],"about":[{"href":"https:\/\/mediarun.com\/pl\/wp-json\/wp\/v2\/types\/post"}],"author":[{"embeddable":true,"href":"https:\/\/mediarun.com\/pl\/wp-json\/wp\/v2\/users\/1"}],"replies":[{"embeddable":true,"href":"https:\/\/mediarun.com\/pl\/wp-json\/wp\/v2\/comments?post=80908"}],"version-history":[{"count":0,"href":"https:\/\/mediarun.com\/pl\/wp-json\/wp\/v2\/posts\/80908\/revisions"}],"wp:featuredmedia":[{"embeddable":true,"href":"https:\/\/mediarun.com\/pl\/wp-json\/wp\/v2\/media\/80909"}],"wp:attachment":[{"href":"https:\/\/mediarun.com\/pl\/wp-json\/wp\/v2\/media?parent=80908"}],"wp:term":[{"taxonomy":"category","embeddable":true,"href":"https:\/\/mediarun.com\/pl\/wp-json\/wp\/v2\/categories?post=80908"},{"taxonomy":"post_tag","embeddable":true,"href":"https:\/\/mediarun.com\/pl\/wp-json\/wp\/v2\/tags?post=80908"}],"curies":[{"name":"wp","href":"https:\/\/api.w.org\/{rel}","templated":true}]}}