{"id":80904,"date":"2006-02-08T22:53:22","date_gmt":"2006-02-08T21:53:22","guid":{"rendered":"https:\/\/mediarun.com\/index.php\/news-posts\/wosko-zamiast-arabskiego\/"},"modified":"2006-02-08T22:53:22","modified_gmt":"2006-02-08T21:53:22","slug":"wosko-zamiast-arabskiego","status":"publish","type":"post","link":"https:\/\/mediarun.com\/pl\/media\/prasa\/wosko-zamiast-arabskiego.html","title":{"rendered":"Wo\u015bko zamiast Arabskiego"},"content":{"rendered":"<p>Jakub Krezymon, Dyrektor Dzia\u0142u Sprzeda\u017cy Reklam, zosta\u0142 wiceprezesem sp\u00f3\u0142ki Polskapresse Prasa Ba\u0142tycka, wydawcy Dziennika Ba\u0142tyckiego.<br \/>\nPrzez ostatnie cztery tygodnie Maciej Wo\u015bko pe\u0142ni\u0142 obowi\u0105zki redaktora naczelnego. <\/p>\n<p>Lech Parell i Mariusz Szmidka pozostaj\u0105 zast\u0119pcami redaktora naczelnego. Maciej Wo\u015bko zwi\u0105zany jest z Dziennikiem Ba\u0142tyckim od 1994 roku.<\/p>\n<p>Jakub Krezymon w Zarz\u0105dzie Polskapresse oddzia\u0142 Prasa Ba\u0142tycka, wydawcy Dziennika Ba\u0142tyckiego, odpowiada\u0107 b\u0119dzie za funkcjonowanie dzia\u0142\u00f3w handlowych &#8211; Dzia\u0142u Sprzeda\u017cy Reklam i Dzia\u0142u Sprzeda\u017cy Gazet. Krezymon zachowa\u0142 stanowisko Dyrektora Dzia\u0142u Sprzeda\u017cy Reklam. <\/p>\n<p>Tomasz Arabski by\u0142 kandydatem Platformy Obywatelskiej do KRRiT. Nie uda\u0142o mu si\u0119 jednak przej\u015b\u0107 przez g\u0142osowanie Sejmowe. <\/p>\n","protected":false},"excerpt":{"rendered":"Od 9 lutego redaktorem naczelnym Dziennika Ba\u0142tyckiego b\u0119dzie Maciej Wo\u015bko, dotychczasowy zast\u0119pca redaktora naczelnego.  Zast\u0119puje na stanowisku Tomasza Arabskiego, kt\u00f3ry z\u0142o\u017cy\u0142 wypowiedzenie.","protected":false},"author":1,"featured_media":80905,"comment_status":"open","ping_status":"closed","sticky":false,"template":"","format":"standard","meta":{"csco_display_header_overlay":false,"csco_singular_sidebar":"","csco_page_header_type":"","csco_page_load_nextpost":"","csco_post_video_location":[],"csco_post_video_location_hash":"","csco_post_video_url":"","csco_post_video_bg_start_time":0,"csco_post_video_bg_end_time":0,"footnotes":""},"categories":[9673],"tags":[],"class_list":{"0":"post-80904","1":"post","2":"type-post","3":"status-publish","4":"format-standard","5":"has-post-thumbnail","7":"category-prasa","8":"cs-entry","9":"cs-video-wrap"},"_links":{"self":[{"href":"https:\/\/mediarun.com\/pl\/wp-json\/wp\/v2\/posts\/80904","targetHints":{"allow":["GET"]}}],"collection":[{"href":"https:\/\/mediarun.com\/pl\/wp-json\/wp\/v2\/posts"}],"about":[{"href":"https:\/\/mediarun.com\/pl\/wp-json\/wp\/v2\/types\/post"}],"author":[{"embeddable":true,"href":"https:\/\/mediarun.com\/pl\/wp-json\/wp\/v2\/users\/1"}],"replies":[{"embeddable":true,"href":"https:\/\/mediarun.com\/pl\/wp-json\/wp\/v2\/comments?post=80904"}],"version-history":[{"count":0,"href":"https:\/\/mediarun.com\/pl\/wp-json\/wp\/v2\/posts\/80904\/revisions"}],"wp:featuredmedia":[{"embeddable":true,"href":"https:\/\/mediarun.com\/pl\/wp-json\/wp\/v2\/media\/80905"}],"wp:attachment":[{"href":"https:\/\/mediarun.com\/pl\/wp-json\/wp\/v2\/media?parent=80904"}],"wp:term":[{"taxonomy":"category","embeddable":true,"href":"https:\/\/mediarun.com\/pl\/wp-json\/wp\/v2\/categories?post=80904"},{"taxonomy":"post_tag","embeddable":true,"href":"https:\/\/mediarun.com\/pl\/wp-json\/wp\/v2\/tags?post=80904"}],"curies":[{"name":"wp","href":"https:\/\/api.w.org\/{rel}","templated":true}]}}