{"id":80885,"date":"2006-02-08T23:42:31","date_gmt":"2006-02-08T22:42:31","guid":{"rendered":"https:\/\/mediarun.com\/index.php\/news-posts\/byk-i-niedzwiedz-dla-tvn-s-a\/"},"modified":"2006-02-08T23:42:31","modified_gmt":"2006-02-08T22:42:31","slug":"byk-i-niedzwiedz-dla-tvn-s-a","status":"publish","type":"post","link":"https:\/\/mediarun.com\/pl\/media\/tv\/byk-i-niedzwiedz-dla-tvn-s-a.html","title":{"rendered":"&#8222;Byk i nied\u017awied\u017a&#8221; dla TVN S.A."},"content":{"rendered":"<p>Wyr\u00f3\u017cnienie dla telewizji TVN przyznano w kategorii &#8211; sp\u00f3\u0142ka o najwy\u017cszych standardach \u0142adu korporacyjnego.<\/p>\n<p>Uroczysto\u015b\u0107 odby\u0142a si\u0119 na parkiecie warszawskiej gie\u0142dy, tu\u017c po za ko\u0144czeniu sesji. Ceremoni\u0119 wr\u0119czenia nagr\u00f3d u\u015bwietni\u0142a swoj\u0105 obecno\u015bci\u0105 wicepremier i minister finans\u00f3w Zyta Gilowska. Go\u015bci powita\u0142 prezes GPW Wies\u0142aw Roz\u0142ucki.<\/p>\n","protected":false},"excerpt":{"rendered":"8 lutego raz dwunasty wr\u0119czono statuetki &#8222;Byka i nied\u017awiedzia&#8221; dla przedstawicieli rynku kapita\u0142owego. W presti\u017cowym gronie laureat\u00f3w dorocznych nagr\u00f3d Gazety Gie\u0142dy &#8222;Parkiet&#8221; znalaz\u0142a si\u0119 TVN S.A.","protected":false},"author":1,"featured_media":80886,"comment_status":"open","ping_status":"closed","sticky":false,"template":"","format":"standard","meta":{"csco_display_header_overlay":false,"csco_singular_sidebar":"","csco_page_header_type":"","csco_page_load_nextpost":"","csco_post_video_location":[],"csco_post_video_location_hash":"","csco_post_video_url":"","csco_post_video_bg_start_time":0,"csco_post_video_bg_end_time":0,"footnotes":""},"categories":[9670],"tags":[],"class_list":{"0":"post-80885","1":"post","2":"type-post","3":"status-publish","4":"format-standard","5":"has-post-thumbnail","7":"category-tv","8":"cs-entry","9":"cs-video-wrap"},"_links":{"self":[{"href":"https:\/\/mediarun.com\/pl\/wp-json\/wp\/v2\/posts\/80885","targetHints":{"allow":["GET"]}}],"collection":[{"href":"https:\/\/mediarun.com\/pl\/wp-json\/wp\/v2\/posts"}],"about":[{"href":"https:\/\/mediarun.com\/pl\/wp-json\/wp\/v2\/types\/post"}],"author":[{"embeddable":true,"href":"https:\/\/mediarun.com\/pl\/wp-json\/wp\/v2\/users\/1"}],"replies":[{"embeddable":true,"href":"https:\/\/mediarun.com\/pl\/wp-json\/wp\/v2\/comments?post=80885"}],"version-history":[{"count":0,"href":"https:\/\/mediarun.com\/pl\/wp-json\/wp\/v2\/posts\/80885\/revisions"}],"wp:featuredmedia":[{"embeddable":true,"href":"https:\/\/mediarun.com\/pl\/wp-json\/wp\/v2\/media\/80886"}],"wp:attachment":[{"href":"https:\/\/mediarun.com\/pl\/wp-json\/wp\/v2\/media?parent=80885"}],"wp:term":[{"taxonomy":"category","embeddable":true,"href":"https:\/\/mediarun.com\/pl\/wp-json\/wp\/v2\/categories?post=80885"},{"taxonomy":"post_tag","embeddable":true,"href":"https:\/\/mediarun.com\/pl\/wp-json\/wp\/v2\/tags?post=80885"}],"curies":[{"name":"wp","href":"https:\/\/api.w.org\/{rel}","templated":true}]}}