{"id":80884,"date":"2006-02-08T23:46:09","date_gmt":"2006-02-08T22:46:09","guid":{"rendered":"https:\/\/mediarun.com\/index.php\/news-posts\/najpiekniejsi-cichopek-i-malaszynski\/"},"modified":"2006-02-08T23:46:09","modified_gmt":"2006-02-08T22:46:09","slug":"najpiekniejsi-cichopek-i-malaszynski","status":"publish","type":"post","link":"https:\/\/mediarun.com\/pl\/media\/prasa\/najpiekniejsi-cichopek-i-malaszynski.html","title":{"rendered":"Najpi\u0119kniejsi &#8211;  Cichopek i  Ma\u0142aszy\u0144ski"},"content":{"rendered":"<p>Miano Najpi\u0119kniejszej i Najpi\u0119kniejszego przyznawane jest mi\u0119dzy innymi za osobowo\u015b\u0107, si\u0142\u0119 ducha, talent i to co\u015b, co sprawia, \u017ce trudno przej\u015b\u0107 obok nominowanej osoby oboj\u0119tnie. Laureaci tegorocznego plebiscytu &#8211; Katarzyna Cichopek i Pawe\u0142 Ma\u0142aszy\u0144ski zostali wy\u0142onieni spo\u015br\u00f3d 25 pi\u0119knych Polek i 25 Polak\u00f3w, sportowc\u00f3w, aktor\u00f3w, muzyk\u00f3w i prezenter\u00f3w telewizyjnych. Wybieraj\u0105c Najpi\u0119kniejszych, czytelnicy szczeg\u00f3lnie docenili &#8222;nie tylko naturalne pi\u0119kno, ale tak\u017ce urod\u0119 ducha, wra\u017cliwo\u015b\u0107, inteligencj\u0119, klas\u0119 i talent&#8221;.<\/p>\n<p>G\u0142osuj\u0105c, czytelnicy &#8222;Vivy!&#8221; podkre\u015blali, i\u017c to, co wyr\u00f3\u017cnia Katarzyn\u0119 Cichopek to jej &#8222;skromno\u015b\u0107, rozs\u0105dek, kobieco\u015b\u0107 i pasja&#8221;. Uzasadniaj\u0105c wyb\u00f3r Najpi\u0119kniejszego Polaka &#8211; Paw\u0142a Ma\u0142aszy\u0144skiego, czytelnicy pisali &#8222;o \u015bwiate\u0142ku w oczach, o sile i niezale\u017cno\u015bci, o tym, \u017ce jest kochaj\u0105cym m\u0119\u017cem i ojcem&#8221;.<\/p>\n<p>Gala Najpi\u0119kniejsi 2005 odby\u0142a si\u0119 7 lutego w Auli Politechniki Warszawskiej.<\/p>\n","protected":false},"excerpt":{"rendered":"Czytelnicy dwutygodnika &#8222;Viva!&#8221; ju\u017c po raz czwarty wybrali Najpi\u0119kniejszych! W tym roku ten zaszczytny tytu\u0142 przypad\u0142 Katarzynie Cichopek, zwyci\u0119\u017cczyni jesiennej edycji &#8222;Ta\u0144ca z gwiazdami&#8221; oraz Paw\u0142owi Ma\u0142aszy\u0144skiemu, aktorowi znanemu widzom TVN z roli Piotra Korzeckiego w popularnym serialu &#8222;Magda M.&#8221;","protected":false},"author":1,"featured_media":0,"comment_status":"open","ping_status":"closed","sticky":false,"template":"","format":"standard","meta":{"csco_display_header_overlay":false,"csco_singular_sidebar":"","csco_page_header_type":"","csco_page_load_nextpost":"","csco_post_video_location":[],"csco_post_video_location_hash":"","csco_post_video_url":"","csco_post_video_bg_start_time":0,"csco_post_video_bg_end_time":0,"footnotes":""},"categories":[9673],"tags":[],"class_list":{"0":"post-80884","1":"post","2":"type-post","3":"status-publish","4":"format-standard","6":"category-prasa","7":"cs-entry","8":"cs-video-wrap"},"_links":{"self":[{"href":"https:\/\/mediarun.com\/pl\/wp-json\/wp\/v2\/posts\/80884","targetHints":{"allow":["GET"]}}],"collection":[{"href":"https:\/\/mediarun.com\/pl\/wp-json\/wp\/v2\/posts"}],"about":[{"href":"https:\/\/mediarun.com\/pl\/wp-json\/wp\/v2\/types\/post"}],"author":[{"embeddable":true,"href":"https:\/\/mediarun.com\/pl\/wp-json\/wp\/v2\/users\/1"}],"replies":[{"embeddable":true,"href":"https:\/\/mediarun.com\/pl\/wp-json\/wp\/v2\/comments?post=80884"}],"version-history":[{"count":0,"href":"https:\/\/mediarun.com\/pl\/wp-json\/wp\/v2\/posts\/80884\/revisions"}],"wp:attachment":[{"href":"https:\/\/mediarun.com\/pl\/wp-json\/wp\/v2\/media?parent=80884"}],"wp:term":[{"taxonomy":"category","embeddable":true,"href":"https:\/\/mediarun.com\/pl\/wp-json\/wp\/v2\/categories?post=80884"},{"taxonomy":"post_tag","embeddable":true,"href":"https:\/\/mediarun.com\/pl\/wp-json\/wp\/v2\/tags?post=80884"}],"curies":[{"name":"wp","href":"https:\/\/api.w.org\/{rel}","templated":true}]}}